{"id":22040,"date":"2024-06-06T10:11:59","date_gmt":"2024-06-06T10:11:59","guid":{"rendered":"https:\/\/tahecosmetics.com\/professional\/?p=22040"},"modified":"2025-03-10T09:34:50","modified_gmt":"2025-03-10T09:34:50","slug":"entrevista-adrian-civera-barbero-profesional","status":"publish","type":"post","link":"https:\/\/tahecosmetics.com\/professional\/entrevista-adrian-civera-barbero-profesional\/","title":{"rendered":"Entrevista a Adri\u00e1n Civera: \u00abMe gusta dar color a la imagen de mis clientes para crear looks impactantes\u00bb"},"content":{"rendered":"\t\t<div data-elementor-type=\"wp-post\" data-elementor-id=\"22040\" class=\"elementor elementor-22040\">\n\t\t\t\t\t\t<section class=\"elementor-section elementor-top-section elementor-element elementor-element-71f56756 elementor-section-boxed elementor-section-height-default elementor-section-height-default\" data-id=\"71f56756\" data-element_type=\"section\" data-e-type=\"section\">\n\t\t\t\t\t\t<div class=\"elementor-container elementor-column-gap-default\">\n\t\t\t\t\t<div class=\"elementor-column elementor-col-100 elementor-top-column elementor-element elementor-element-7adb5047\" data-id=\"7adb5047\" data-element_type=\"column\" data-e-type=\"column\">\n\t\t\t<div class=\"elementor-widget-wrap elementor-element-populated\">\n\t\t\t\t\t\t<div class=\"elementor-element elementor-element-33bbfb1 elementor-widget elementor-widget-text-editor\" data-id=\"33bbfb1\" data-element_type=\"widget\" data-e-type=\"widget\" data-widget_type=\"text-editor.default\">\n\t\t\t\t<div class=\"elementor-widget-container\">\n\t\t\t\t\t\t\t\t\t<h2><strong>Adri\u00e1n Civera &#8211; Barbero profesional<\/strong><\/h2>\n<p><a href=\"https:\/\/www.instagram.com\/adrian_civera\/\" target=\"_blank\" rel=\"noopener\"><strong>Adri\u00e1n Civera<\/strong><\/a> fue uno de los grandes nombres propios de la primera edici\u00f3n de los <strong>Tahe Advanced Barber Awards<\/strong>. Result\u00f3 ganador en la categor\u00eda <strong>Creative Styling<\/strong>. Su trabajo con un corte innovador y realmente llamativo le permiti\u00f3 destacar en la categor\u00eda m\u00e1s exigente. \u00abFue una experiencia espectacular que le recomiendo a todo el mundo\u00bb, destaca tras su paso por los premios que le permitieron reforzar su marca personal y ratificarse como uno de los <strong>j\u00f3venes con m\u00e1s talento<\/strong> del sector nacional.<\/p>\n<p>Desde su sal\u00f3n en Valencia (<a href=\"https:\/\/www.instagram.com\/studio014_\/\" target=\"_blank\" rel=\"noopener\"><strong>Studio014 Barberia y Est\u00e9tica<\/strong><\/a>), Civera afirma que siempre le ha gustado el <strong>tratamiento de los colores,<\/strong> y es por ello que su estilo refleja ese \u00abpaso de la barber\u00eda cl\u00e1sica a una m\u00e1s moderna para crear looks impresionantes\u00bb. \u00abQuiero que la gente vea que esos trabajos tambi\u00e9n se pueden hacer en una barber\u00eda, no solo en colecciones\u00bb. Esa b\u00fasqueda constante de nuevos estilos le ha llevado tambi\u00e9n ha especializarse en la t\u00e9cnica del <strong><em>hair tattoo<\/em><\/strong>.<\/p>\n<p>Adri\u00e1n Civera afirma en la <strong style=\"color: var( --e-global-color-text ); font-family: var( --e-global-typography-text-font-family ), Sans-serif; font-size: var( --e-global-typography-text-font-size ); letter-spacing: 0px;\">#LaEntrevistaBarber<\/strong>&nbsp;que \u00abapostar por una marca tan potente a nivel nacional e internacional como Tahe me permitir\u00e1 crecer mucho\u00bb en un futuro en el que <strong>espera poder llegar a crear sus propias formaciones y colecciones<\/strong>.<\/p>\n<h2><strong>Entrevista completa Adri\u00e1n Civera<\/strong><\/h2>\t\t\t\t\t\t\t\t<\/div>\n\t\t\t\t<\/div>\n\t\t\t\t<div class=\"elementor-element elementor-element-b0961b0 elementor-widget elementor-widget-video\" data-id=\"b0961b0\" data-element_type=\"widget\" data-e-type=\"widget\" data-settings=\"{&quot;youtube_url&quot;:&quot;https:\\\/\\\/www.youtube.com\\\/watch?v=LhGgMe1R9rg&quot;,&quot;video_type&quot;:&quot;youtube&quot;,&quot;controls&quot;:&quot;yes&quot;}\" data-widget_type=\"video.default\">\n\t\t\t\t<div class=\"elementor-widget-container\">\n\t\t\t\t\t\t\t<div class=\"elementor-wrapper elementor-open-inline\">\n\t\t\t<div class=\"elementor-video\"><\/div>\t\t<\/div>\n\t\t\t\t\t\t<\/div>\n\t\t\t\t<\/div>\n\t\t\t\t\t<\/div>\n\t\t<\/div>\n\t\t\t\t\t<\/div>\n\t\t<\/section>\n\t\t\t\t<\/div>\n\t\t","protected":false},"excerpt":{"rendered":"<p>Adri\u00e1n Civera &#8211; Barbero profesional Adri\u00e1n Civera fue uno de los grandes nombres propios de la primera edici\u00f3n de los Tahe Advanced Barber Awards. Result\u00f3 ganador en la categor\u00eda Creative Styling. Su trabajo con un corte innovador y realmente llamativo le permiti\u00f3 destacar en la categor\u00eda m\u00e1s exigente. \u00abFue una experiencia espectacular que le recomiendo&#8230;<\/p>\n","protected":false},"author":3,"featured_media":22050,"comment_status":"closed","ping_status":"closed","sticky":false,"template":"","format":"standard","meta":{"footnotes":""},"categories":[85],"tags":[],"class_list":["post-22040","post","type-post","status-publish","format-standard","has-post-thumbnail","hentry","category-profesionales"],"yoast_head":"<!-- This site is optimized with the Yoast SEO plugin v27.1.1 - https:\/\/yoast.com\/product\/yoast-seo-wordpress\/ -->\n<title>Entrevista con Adri\u00e1n Civera | Barbershop |\u00a0Advanced Barber<\/title>\n<meta name=\"description\" content=\"Adri\u00e1n Civera, ganador en la categor\u00eda Creative Styling de los Tahe Advanced Barber Awards, presenta su estilo en esta entrevista\" \/>\n<meta name=\"robots\" content=\"index, follow, max-snippet:-1, max-image-preview:large, max-video-preview:-1\" \/>\n<link rel=\"canonical\" href=\"https:\/\/tahecosmetics.com\/professional\/entrevista-adrian-civera-barbero-profesional\/\" \/>\n<meta property=\"og:locale\" content=\"es_ES\" \/>\n<meta property=\"og:type\" content=\"article\" \/>\n<meta property=\"og:title\" content=\"Entrevista con Adri\u00e1n Civera | Barbershop |\u00a0Advanced Barber\" \/>\n<meta property=\"og:description\" content=\"Adri\u00e1n Civera, ganador en la categor\u00eda Creative Styling de los Tahe Advanced Barber Awards, presenta su estilo en esta entrevista\" \/>\n<meta property=\"og:url\" content=\"https:\/\/tahecosmetics.com\/professional\/entrevista-adrian-civera-barbero-profesional\/\" \/>\n<meta property=\"og:site_name\" content=\"Tahe Profesional\" \/>\n<meta property=\"article:published_time\" content=\"2024-06-06T10:11:59+00:00\" \/>\n<meta property=\"article:modified_time\" content=\"2025-03-10T09:34:50+00:00\" \/>\n<meta property=\"og:image\" content=\"https:\/\/tahecosmetics.com\/professional\/wp-content\/uploads\/2024\/05\/adrian-civera-barbero.jpg\" \/>\n\t<meta property=\"og:image:width\" content=\"1200\" \/>\n\t<meta property=\"og:image:height\" content=\"800\" \/>\n\t<meta property=\"og:image:type\" content=\"image\/jpeg\" \/>\n<meta name=\"author\" content=\"Tahe\" \/>\n<meta name=\"twitter:card\" content=\"summary_large_image\" \/>\n<meta name=\"twitter:label1\" content=\"Escrito por\" \/>\n\t<meta name=\"twitter:data1\" content=\"Tahe\" \/>\n\t<meta name=\"twitter:label2\" content=\"Tiempo de lectura\" \/>\n\t<meta name=\"twitter:data2\" content=\"1 minuto\" \/>\n<script type=\"application\/ld+json\" class=\"yoast-schema-graph\">{\"@context\":\"https:\/\/schema.org\",\"@graph\":[{\"@type\":\"Article\",\"@id\":\"https:\/\/tahecosmetics.com\/professional\/entrevista-adrian-civera-barbero-profesional\/#article\",\"isPartOf\":{\"@id\":\"https:\/\/tahecosmetics.com\/professional\/entrevista-adrian-civera-barbero-profesional\/\"},\"author\":{\"name\":\"Tahe\",\"@id\":\"https:\/\/tahecosmetics.com\/professional\/#\/schema\/person\/54a6820084eb3e7905cb65bfa7a11e99\"},\"headline\":\"Entrevista a Adri\u00e1n Civera: \u00abMe gusta dar color a la imagen de mis clientes para crear looks impactantes\u00bb\",\"datePublished\":\"2024-06-06T10:11:59+00:00\",\"dateModified\":\"2025-03-10T09:34:50+00:00\",\"mainEntityOfPage\":{\"@id\":\"https:\/\/tahecosmetics.com\/professional\/entrevista-adrian-civera-barbero-profesional\/\"},\"wordCount\":259,\"publisher\":{\"@id\":\"https:\/\/tahecosmetics.com\/professional\/#organization\"},\"image\":{\"@id\":\"https:\/\/tahecosmetics.com\/professional\/entrevista-adrian-civera-barbero-profesional\/#primaryimage\"},\"thumbnailUrl\":\"https:\/\/tahecosmetics.com\/professional\/wp-content\/uploads\/2024\/05\/adrian-civera-barbero.jpg\",\"articleSection\":[\"Profesionales\"],\"inLanguage\":\"es\"},{\"@type\":\"WebPage\",\"@id\":\"https:\/\/tahecosmetics.com\/professional\/entrevista-adrian-civera-barbero-profesional\/\",\"url\":\"https:\/\/tahecosmetics.com\/professional\/entrevista-adrian-civera-barbero-profesional\/\",\"name\":\"Entrevista con Adri\u00e1n Civera | Barbershop |\u00a0Advanced Barber\",\"isPartOf\":{\"@id\":\"https:\/\/tahecosmetics.com\/professional\/#website\"},\"primaryImageOfPage\":{\"@id\":\"https:\/\/tahecosmetics.com\/professional\/entrevista-adrian-civera-barbero-profesional\/#primaryimage\"},\"image\":{\"@id\":\"https:\/\/tahecosmetics.com\/professional\/entrevista-adrian-civera-barbero-profesional\/#primaryimage\"},\"thumbnailUrl\":\"https:\/\/tahecosmetics.com\/professional\/wp-content\/uploads\/2024\/05\/adrian-civera-barbero.jpg\",\"datePublished\":\"2024-06-06T10:11:59+00:00\",\"dateModified\":\"2025-03-10T09:34:50+00:00\",\"description\":\"Adri\u00e1n Civera, ganador en la categor\u00eda Creative Styling de los Tahe Advanced Barber Awards, presenta su estilo en esta entrevista\",\"breadcrumb\":{\"@id\":\"https:\/\/tahecosmetics.com\/professional\/entrevista-adrian-civera-barbero-profesional\/#breadcrumb\"},\"inLanguage\":\"es\",\"potentialAction\":[{\"@type\":\"ReadAction\",\"target\":[\"https:\/\/tahecosmetics.com\/professional\/entrevista-adrian-civera-barbero-profesional\/\"]}]},{\"@type\":\"ImageObject\",\"inLanguage\":\"es\",\"@id\":\"https:\/\/tahecosmetics.com\/professional\/entrevista-adrian-civera-barbero-profesional\/#primaryimage\",\"url\":\"https:\/\/tahecosmetics.com\/professional\/wp-content\/uploads\/2024\/05\/adrian-civera-barbero.jpg\",\"contentUrl\":\"https:\/\/tahecosmetics.com\/professional\/wp-content\/uploads\/2024\/05\/adrian-civera-barbero.jpg\",\"width\":1200,\"height\":800,\"caption\":\"Barber Adri\u00e1n Civera marca Tahe Advanced Barber\"},{\"@type\":\"BreadcrumbList\",\"@id\":\"https:\/\/tahecosmetics.com\/professional\/entrevista-adrian-civera-barbero-profesional\/#breadcrumb\",\"itemListElement\":[{\"@type\":\"ListItem\",\"position\":1,\"name\":\"Home\",\"item\":\"https:\/\/tahecosmetics.com\/professional\/\"},{\"@type\":\"ListItem\",\"position\":2,\"name\":\"Entrevista a Adri\u00e1n Civera: \u00abMe gusta dar color a la imagen de mis clientes para crear looks impactantes\u00bb\"}]},{\"@type\":\"WebSite\",\"@id\":\"https:\/\/tahecosmetics.com\/professional\/#website\",\"url\":\"https:\/\/tahecosmetics.com\/professional\/\",\"name\":\"Tahe Profesional\",\"description\":\"Productos Cosm\u00e9ticos para Profesionales\",\"publisher\":{\"@id\":\"https:\/\/tahecosmetics.com\/professional\/#organization\"},\"alternateName\":\"Tahe Profesional\",\"potentialAction\":[{\"@type\":\"SearchAction\",\"target\":{\"@type\":\"EntryPoint\",\"urlTemplate\":\"https:\/\/tahecosmetics.com\/professional\/?s={search_term_string}\"},\"query-input\":{\"@type\":\"PropertyValueSpecification\",\"valueRequired\":true,\"valueName\":\"search_term_string\"}}],\"inLanguage\":\"es\"},{\"@type\":\"Organization\",\"@id\":\"https:\/\/tahecosmetics.com\/professional\/#organization\",\"name\":\"Tahe Productos Cosm\u00e9ticos, S.L.\",\"url\":\"https:\/\/tahecosmetics.com\/professional\/\",\"logo\":{\"@type\":\"ImageObject\",\"inLanguage\":\"es\",\"@id\":\"https:\/\/tahecosmetics.com\/professional\/#\/schema\/logo\/image\/\",\"url\":\"https:\/\/tahecosmetics.com\/professional\/wp-content\/uploads\/2021\/06\/tahe-logo-dark.png\",\"contentUrl\":\"https:\/\/tahecosmetics.com\/professional\/wp-content\/uploads\/2021\/06\/tahe-logo-dark.png\",\"width\":800,\"height\":359,\"caption\":\"Tahe Productos Cosm\u00e9ticos, S.L.\"},\"image\":{\"@id\":\"https:\/\/tahecosmetics.com\/professional\/#\/schema\/logo\/image\/\"}},{\"@type\":\"Person\",\"@id\":\"https:\/\/tahecosmetics.com\/professional\/#\/schema\/person\/54a6820084eb3e7905cb65bfa7a11e99\",\"name\":\"Tahe\",\"image\":{\"@type\":\"ImageObject\",\"inLanguage\":\"es\",\"@id\":\"https:\/\/tahecosmetics.com\/professional\/#\/schema\/person\/image\/\",\"url\":\"https:\/\/tahecosmetics.com\/professional\/wp-content\/uploads\/2024\/07\/tahe-logo-dark-100x100.jpg\",\"contentUrl\":\"https:\/\/tahecosmetics.com\/professional\/wp-content\/uploads\/2024\/07\/tahe-logo-dark-100x100.jpg\",\"caption\":\"Tahe\"},\"url\":\"https:\/\/tahecosmetics.com\/professional\/author\/informatica\/\"}]}<\/script>\n<!-- \/ Yoast SEO plugin. -->","yoast_head_json":{"title":"Entrevista con Adri\u00e1n Civera | Barbershop |\u00a0Advanced Barber","description":"Adri\u00e1n Civera, ganador en la categor\u00eda Creative Styling de los Tahe Advanced Barber Awards, presenta su estilo en esta entrevista","robots":{"index":"index","follow":"follow","max-snippet":"max-snippet:-1","max-image-preview":"max-image-preview:large","max-video-preview":"max-video-preview:-1"},"canonical":"https:\/\/tahecosmetics.com\/professional\/entrevista-adrian-civera-barbero-profesional\/","og_locale":"es_ES","og_type":"article","og_title":"Entrevista con Adri\u00e1n Civera | Barbershop |\u00a0Advanced Barber","og_description":"Adri\u00e1n Civera, ganador en la categor\u00eda Creative Styling de los Tahe Advanced Barber Awards, presenta su estilo en esta entrevista","og_url":"https:\/\/tahecosmetics.com\/professional\/entrevista-adrian-civera-barbero-profesional\/","og_site_name":"Tahe Profesional","article_published_time":"2024-06-06T10:11:59+00:00","article_modified_time":"2025-03-10T09:34:50+00:00","og_image":[{"width":1200,"height":800,"url":"https:\/\/tahecosmetics.com\/professional\/wp-content\/uploads\/2024\/05\/adrian-civera-barbero.jpg","type":"image\/jpeg"}],"author":"Tahe","twitter_card":"summary_large_image","twitter_misc":{"Escrito por":"Tahe","Tiempo de lectura":"1 minuto"},"schema":{"@context":"https:\/\/schema.org","@graph":[{"@type":"Article","@id":"https:\/\/tahecosmetics.com\/professional\/entrevista-adrian-civera-barbero-profesional\/#article","isPartOf":{"@id":"https:\/\/tahecosmetics.com\/professional\/entrevista-adrian-civera-barbero-profesional\/"},"author":{"name":"Tahe","@id":"https:\/\/tahecosmetics.com\/professional\/#\/schema\/person\/54a6820084eb3e7905cb65bfa7a11e99"},"headline":"Entrevista a Adri\u00e1n Civera: \u00abMe gusta dar color a la imagen de mis clientes para crear looks impactantes\u00bb","datePublished":"2024-06-06T10:11:59+00:00","dateModified":"2025-03-10T09:34:50+00:00","mainEntityOfPage":{"@id":"https:\/\/tahecosmetics.com\/professional\/entrevista-adrian-civera-barbero-profesional\/"},"wordCount":259,"publisher":{"@id":"https:\/\/tahecosmetics.com\/professional\/#organization"},"image":{"@id":"https:\/\/tahecosmetics.com\/professional\/entrevista-adrian-civera-barbero-profesional\/#primaryimage"},"thumbnailUrl":"https:\/\/tahecosmetics.com\/professional\/wp-content\/uploads\/2024\/05\/adrian-civera-barbero.jpg","articleSection":["Profesionales"],"inLanguage":"es"},{"@type":"WebPage","@id":"https:\/\/tahecosmetics.com\/professional\/entrevista-adrian-civera-barbero-profesional\/","url":"https:\/\/tahecosmetics.com\/professional\/entrevista-adrian-civera-barbero-profesional\/","name":"Entrevista con Adri\u00e1n Civera | Barbershop |\u00a0Advanced Barber","isPartOf":{"@id":"https:\/\/tahecosmetics.com\/professional\/#website"},"primaryImageOfPage":{"@id":"https:\/\/tahecosmetics.com\/professional\/entrevista-adrian-civera-barbero-profesional\/#primaryimage"},"image":{"@id":"https:\/\/tahecosmetics.com\/professional\/entrevista-adrian-civera-barbero-profesional\/#primaryimage"},"thumbnailUrl":"https:\/\/tahecosmetics.com\/professional\/wp-content\/uploads\/2024\/05\/adrian-civera-barbero.jpg","datePublished":"2024-06-06T10:11:59+00:00","dateModified":"2025-03-10T09:34:50+00:00","description":"Adri\u00e1n Civera, ganador en la categor\u00eda Creative Styling de los Tahe Advanced Barber Awards, presenta su estilo en esta entrevista","breadcrumb":{"@id":"https:\/\/tahecosmetics.com\/professional\/entrevista-adrian-civera-barbero-profesional\/#breadcrumb"},"inLanguage":"es","potentialAction":[{"@type":"ReadAction","target":["https:\/\/tahecosmetics.com\/professional\/entrevista-adrian-civera-barbero-profesional\/"]}]},{"@type":"ImageObject","inLanguage":"es","@id":"https:\/\/tahecosmetics.com\/professional\/entrevista-adrian-civera-barbero-profesional\/#primaryimage","url":"https:\/\/tahecosmetics.com\/professional\/wp-content\/uploads\/2024\/05\/adrian-civera-barbero.jpg","contentUrl":"https:\/\/tahecosmetics.com\/professional\/wp-content\/uploads\/2024\/05\/adrian-civera-barbero.jpg","width":1200,"height":800,"caption":"Barber Adri\u00e1n Civera marca Tahe Advanced Barber"},{"@type":"BreadcrumbList","@id":"https:\/\/tahecosmetics.com\/professional\/entrevista-adrian-civera-barbero-profesional\/#breadcrumb","itemListElement":[{"@type":"ListItem","position":1,"name":"Home","item":"https:\/\/tahecosmetics.com\/professional\/"},{"@type":"ListItem","position":2,"name":"Entrevista a Adri\u00e1n Civera: \u00abMe gusta dar color a la imagen de mis clientes para crear looks impactantes\u00bb"}]},{"@type":"WebSite","@id":"https:\/\/tahecosmetics.com\/professional\/#website","url":"https:\/\/tahecosmetics.com\/professional\/","name":"Tahe Profesional","description":"Productos Cosm\u00e9ticos para Profesionales","publisher":{"@id":"https:\/\/tahecosmetics.com\/professional\/#organization"},"alternateName":"Tahe Profesional","potentialAction":[{"@type":"SearchAction","target":{"@type":"EntryPoint","urlTemplate":"https:\/\/tahecosmetics.com\/professional\/?s={search_term_string}"},"query-input":{"@type":"PropertyValueSpecification","valueRequired":true,"valueName":"search_term_string"}}],"inLanguage":"es"},{"@type":"Organization","@id":"https:\/\/tahecosmetics.com\/professional\/#organization","name":"Tahe Productos Cosm\u00e9ticos, S.L.","url":"https:\/\/tahecosmetics.com\/professional\/","logo":{"@type":"ImageObject","inLanguage":"es","@id":"https:\/\/tahecosmetics.com\/professional\/#\/schema\/logo\/image\/","url":"https:\/\/tahecosmetics.com\/professional\/wp-content\/uploads\/2021\/06\/tahe-logo-dark.png","contentUrl":"https:\/\/tahecosmetics.com\/professional\/wp-content\/uploads\/2021\/06\/tahe-logo-dark.png","width":800,"height":359,"caption":"Tahe Productos Cosm\u00e9ticos, S.L."},"image":{"@id":"https:\/\/tahecosmetics.com\/professional\/#\/schema\/logo\/image\/"}},{"@type":"Person","@id":"https:\/\/tahecosmetics.com\/professional\/#\/schema\/person\/54a6820084eb3e7905cb65bfa7a11e99","name":"Tahe","image":{"@type":"ImageObject","inLanguage":"es","@id":"https:\/\/tahecosmetics.com\/professional\/#\/schema\/person\/image\/","url":"https:\/\/tahecosmetics.com\/professional\/wp-content\/uploads\/2024\/07\/tahe-logo-dark-100x100.jpg","contentUrl":"https:\/\/tahecosmetics.com\/professional\/wp-content\/uploads\/2024\/07\/tahe-logo-dark-100x100.jpg","caption":"Tahe"},"url":"https:\/\/tahecosmetics.com\/professional\/author\/informatica\/"}]}},"acf":[],"_links":{"self":[{"href":"https:\/\/tahecosmetics.com\/professional\/wp-json\/wp\/v2\/posts\/22040","targetHints":{"allow":["GET"]}}],"collection":[{"href":"https:\/\/tahecosmetics.com\/professional\/wp-json\/wp\/v2\/posts"}],"about":[{"href":"https:\/\/tahecosmetics.com\/professional\/wp-json\/wp\/v2\/types\/post"}],"author":[{"embeddable":true,"href":"https:\/\/tahecosmetics.com\/professional\/wp-json\/wp\/v2\/users\/3"}],"replies":[{"embeddable":true,"href":"https:\/\/tahecosmetics.com\/professional\/wp-json\/wp\/v2\/comments?post=22040"}],"version-history":[{"count":1,"href":"https:\/\/tahecosmetics.com\/professional\/wp-json\/wp\/v2\/posts\/22040\/revisions"}],"predecessor-version":[{"id":26454,"href":"https:\/\/tahecosmetics.com\/professional\/wp-json\/wp\/v2\/posts\/22040\/revisions\/26454"}],"wp:featuredmedia":[{"embeddable":true,"href":"https:\/\/tahecosmetics.com\/professional\/wp-json\/wp\/v2\/media\/22050"}],"wp:attachment":[{"href":"https:\/\/tahecosmetics.com\/professional\/wp-json\/wp\/v2\/media?parent=22040"}],"wp:term":[{"taxonomy":"category","embeddable":true,"href":"https:\/\/tahecosmetics.com\/professional\/wp-json\/wp\/v2\/categories?post=22040"},{"taxonomy":"post_tag","embeddable":true,"href":"https:\/\/tahecosmetics.com\/professional\/wp-json\/wp\/v2\/tags?post=22040"}],"curies":[{"name":"wp","href":"https:\/\/api.w.org\/{rel}","templated":true}]}}