{"id":2311,"date":"2021-04-29T11:19:48","date_gmt":"2021-04-29T11:19:48","guid":{"rendered":"https:\/\/tahecosmetics.com\/trends\/?p=2311"},"modified":"2025-03-10T09:35:05","modified_gmt":"2025-03-10T09:35:05","slug":"donacion-fundacion-ana-bella","status":"publish","type":"post","link":"https:\/\/tahecosmetics.com\/professional\/donacion-fundacion-ana-bella\/","title":{"rendered":"Tahe realiza una donaci\u00f3n en beneficio de la Fundaci\u00f3n Ana Bella"},"content":{"rendered":"<p>Conseguir una sociedad igualitaria es un sue\u00f1o para la mayor\u00eda, siendo ese el principal objetivo para el que trabaja la <strong>Fundaci\u00f3n Ana Bella<\/strong>. En Tahe somos conscientes del problema que supone la violencia de g\u00e9nero en la sociedad, que afecta mayoritariamente a las mujeres. Por ello, colaboramos en las labores de dicha Fundaci\u00f3n, en este caso, a trav\u00e9s de la reciente donaci\u00f3n del <strong>10%<\/strong> de las <a href=\"\/trends\/facturacion-tahe\/\"><strong>ventas online<\/strong><\/a> de productos de color violeta de la pasada campa\u00f1a del <strong>D\u00eda Internacional de la Mujer<\/strong>, que tuvo lugar el <strong>8 de marzo<\/strong>.<\/p>\n<h2>Tahe con la Fundaci\u00f3n Ana Bella<\/h2>\n<p>Proporcionar <strong>ayuda a mujeres supervivientes<\/strong>, as\u00ed como <strong>favorecer a diferentes colectivos<\/strong>, a nivel laboral, en la sociedad son algunos de nuestros compromisos. Como parte de ellos facilitamos a la <a href=\"https:\/\/www.fundacionanabella.org\/\"><strong>Fundaci\u00f3n<\/strong><\/a> la participaci\u00f3n de las mujeres en los procesos de selecci\u00f3n que llevamos a cabo en <strong>Tahe<\/strong> para cubrir distintos puestos de trabajo. A trav\u00e9s del empleo, las mujeres reciben como contraprestaci\u00f3n no solo un ingreso econ\u00f3mico, sino mayor integraci\u00f3n en la sociedad, algo que repercutir\u00e1 de forma muy positiva en su propia autoestima.<\/p>\n<p><img fetchpriority=\"high\" decoding=\"async\" class=\"alignnone size-full wp-image-2313\" src=\"https:\/\/tahecosmetics.com\/professional\/wp-content\/uploads\/2021\/07\/fundacion-ana-bella.jpg\" alt=\"fundaci\u00f3n Ana Bella\" width=\"1200\" height=\"309\" srcset=\"https:\/\/tahecosmetics.com\/professional\/wp-content\/uploads\/2021\/07\/fundacion-ana-bella.jpg 1200w, https:\/\/tahecosmetics.com\/professional\/wp-content\/uploads\/2021\/07\/fundacion-ana-bella-600x155.jpg 600w, https:\/\/tahecosmetics.com\/professional\/wp-content\/uploads\/2021\/07\/fundacion-ana-bella-300x77.jpg 300w, https:\/\/tahecosmetics.com\/professional\/wp-content\/uploads\/2021\/07\/fundacion-ana-bella-1024x264.jpg 1024w, https:\/\/tahecosmetics.com\/professional\/wp-content\/uploads\/2021\/07\/fundacion-ana-bella-768x198.jpg 768w, https:\/\/tahecosmetics.com\/professional\/wp-content\/uploads\/2021\/07\/fundacion-ana-bella-580x149.jpg 580w, https:\/\/tahecosmetics.com\/professional\/wp-content\/uploads\/2021\/07\/fundacion-ana-bella-860x221.jpg 860w, https:\/\/tahecosmetics.com\/professional\/wp-content\/uploads\/2021\/07\/fundacion-ana-bella-1160x299.jpg 1160w\" sizes=\"(max-width: 1200px) 100vw, 1200px\" \/><\/p>\n<p>La <strong>Fundaci\u00f3n Ana Bella<\/strong> tiene como misi\u00f3n la construcci\u00f3n de una sociedad igualitaria por medio de valores como la empat\u00eda, el amor, el empoderamiento y los testimonios positivos. Est\u00e1 compuesta por una Red de Mujeres Supervivientes voluntarias que, desde el a\u00f1o 2002, se emplean a fondo para ayudar y acompa\u00f1ar a otras mujeres para que rompan el silencio y vuelvan a ser felices.<\/p>\n<p>A lo largo de nuestra colaboraci\u00f3n facilitamos a las mujeres de la <strong>Fundaci\u00f3n Ana Bella<\/strong> el acceso a descuentos especiales de compra, realizando cesiones de productos y donaciones en momentos puntuales a esta entidad. Asimismo, seguimos colaborando con la Fundaci\u00f3n en nuevos e interesantes proyectos que puedan ayudarles en la implementaci\u00f3n de su red nacional e internacional de apoyo a mujeres supervivientes.<\/p>\n<h3>Donaciones de Tahe<\/h3>\n<p>Esta donaci\u00f3n se suma a otras que realiza nuestra compa\u00f1\u00eda a lo largo del a\u00f1o como a asociaciones como <strong>Aspanpal<\/strong>, -la Asociaci\u00f3n de Padres de Ni\u00f1os con Problemas de Audici\u00f3n y Lenguaje- o la <strong>Asociaci\u00f3n On-Off Parkinson Regi\u00f3n de Murcia<\/strong>.<\/p>\n","protected":false},"excerpt":{"rendered":"<p>Conseguir una sociedad igualitaria es un sue\u00f1o para la mayor\u00eda, siendo ese el principal objetivo para el que trabaja la Fundaci\u00f3n Ana Bella. En Tahe somos conscientes del problema que supone la violencia de g\u00e9nero en la sociedad, que afecta mayoritariamente a las mujeres. Por ello, colaboramos en las labores de dicha Fundaci\u00f3n, en este&#8230;<\/p>\n","protected":false},"author":3,"featured_media":2312,"comment_status":"closed","ping_status":"closed","sticky":false,"template":"","format":"standard","meta":{"footnotes":""},"categories":[267,145],"tags":[],"class_list":["post-2311","post","type-post","status-publish","format-standard","has-post-thumbnail","hentry","category-corporativo","category-noticias"],"yoast_head":"<!-- This site is optimized with the Yoast SEO plugin v27.1.1 - https:\/\/yoast.com\/product\/yoast-seo-wordpress\/ -->\n<title>Donaci\u00f3n en beneficio de la Fundaci\u00f3n Ana Bella | Tahe<\/title>\n<meta name=\"description\" content=\"Tahe realiza una donaci\u00f3n en beneficio de la Fundaci\u00f3n Ana Bella con motivo de la campa\u00f1a online del D\u00eda Internacional de la Mujer. M\u00e1s info en nuestro blog\" \/>\n<meta name=\"robots\" content=\"index, follow, max-snippet:-1, max-image-preview:large, max-video-preview:-1\" \/>\n<link rel=\"canonical\" href=\"https:\/\/tahecosmetics.com\/professional\/donacion-fundacion-ana-bella\/\" \/>\n<meta property=\"og:locale\" content=\"es_ES\" \/>\n<meta property=\"og:type\" content=\"article\" \/>\n<meta property=\"og:title\" content=\"Donaci\u00f3n en beneficio de la Fundaci\u00f3n Ana Bella | Tahe\" \/>\n<meta property=\"og:description\" content=\"Tahe realiza una donaci\u00f3n en beneficio de la Fundaci\u00f3n Ana Bella con motivo de la campa\u00f1a online del D\u00eda Internacional de la Mujer. M\u00e1s info en nuestro blog\" \/>\n<meta property=\"og:url\" content=\"https:\/\/tahecosmetics.com\/professional\/donacion-fundacion-ana-bella\/\" \/>\n<meta property=\"og:site_name\" content=\"Tahe Profesional\" \/>\n<meta property=\"article:published_time\" content=\"2021-04-29T11:19:48+00:00\" \/>\n<meta property=\"article:modified_time\" content=\"2025-03-10T09:35:05+00:00\" \/>\n<meta property=\"og:image\" content=\"https:\/\/tahecosmetics.com\/professional\/wp-content\/uploads\/2021\/07\/fundacion-anabella.jpeg\" \/>\n\t<meta property=\"og:image:width\" content=\"900\" \/>\n\t<meta property=\"og:image:height\" content=\"600\" \/>\n\t<meta property=\"og:image:type\" content=\"image\/jpeg\" \/>\n<meta name=\"author\" content=\"Tahe\" \/>\n<meta name=\"twitter:card\" content=\"summary_large_image\" \/>\n<meta name=\"twitter:label1\" content=\"Escrito por\" \/>\n\t<meta name=\"twitter:data1\" content=\"Tahe\" \/>\n\t<meta name=\"twitter:label2\" content=\"Tiempo de lectura\" \/>\n\t<meta name=\"twitter:data2\" content=\"2 minutos\" \/>\n<script type=\"application\/ld+json\" class=\"yoast-schema-graph\">{\"@context\":\"https:\/\/schema.org\",\"@graph\":[{\"@type\":\"Article\",\"@id\":\"https:\/\/tahecosmetics.com\/professional\/donacion-fundacion-ana-bella\/#article\",\"isPartOf\":{\"@id\":\"https:\/\/tahecosmetics.com\/professional\/donacion-fundacion-ana-bella\/\"},\"author\":{\"name\":\"Tahe\",\"@id\":\"https:\/\/tahecosmetics.com\/professional\/#\/schema\/person\/54a6820084eb3e7905cb65bfa7a11e99\"},\"headline\":\"Tahe realiza una donaci\u00f3n en beneficio de la Fundaci\u00f3n Ana Bella\",\"datePublished\":\"2021-04-29T11:19:48+00:00\",\"dateModified\":\"2025-03-10T09:35:05+00:00\",\"mainEntityOfPage\":{\"@id\":\"https:\/\/tahecosmetics.com\/professional\/donacion-fundacion-ana-bella\/\"},\"wordCount\":392,\"publisher\":{\"@id\":\"https:\/\/tahecosmetics.com\/professional\/#organization\"},\"image\":{\"@id\":\"https:\/\/tahecosmetics.com\/professional\/donacion-fundacion-ana-bella\/#primaryimage\"},\"thumbnailUrl\":\"https:\/\/tahecosmetics.com\/professional\/wp-content\/uploads\/2021\/07\/fundacion-anabella.jpeg\",\"articleSection\":[\"corporativo\",\"Noticias\"],\"inLanguage\":\"es\"},{\"@type\":\"WebPage\",\"@id\":\"https:\/\/tahecosmetics.com\/professional\/donacion-fundacion-ana-bella\/\",\"url\":\"https:\/\/tahecosmetics.com\/professional\/donacion-fundacion-ana-bella\/\",\"name\":\"Donaci\u00f3n en beneficio de la Fundaci\u00f3n Ana Bella | Tahe\",\"isPartOf\":{\"@id\":\"https:\/\/tahecosmetics.com\/professional\/#website\"},\"primaryImageOfPage\":{\"@id\":\"https:\/\/tahecosmetics.com\/professional\/donacion-fundacion-ana-bella\/#primaryimage\"},\"image\":{\"@id\":\"https:\/\/tahecosmetics.com\/professional\/donacion-fundacion-ana-bella\/#primaryimage\"},\"thumbnailUrl\":\"https:\/\/tahecosmetics.com\/professional\/wp-content\/uploads\/2021\/07\/fundacion-anabella.jpeg\",\"datePublished\":\"2021-04-29T11:19:48+00:00\",\"dateModified\":\"2025-03-10T09:35:05+00:00\",\"description\":\"Tahe realiza una donaci\u00f3n en beneficio de la Fundaci\u00f3n Ana Bella con motivo de la campa\u00f1a online del D\u00eda Internacional de la Mujer. M\u00e1s info en nuestro blog\",\"breadcrumb\":{\"@id\":\"https:\/\/tahecosmetics.com\/professional\/donacion-fundacion-ana-bella\/#breadcrumb\"},\"inLanguage\":\"es\",\"potentialAction\":[{\"@type\":\"ReadAction\",\"target\":[\"https:\/\/tahecosmetics.com\/professional\/donacion-fundacion-ana-bella\/\"]}]},{\"@type\":\"ImageObject\",\"inLanguage\":\"es\",\"@id\":\"https:\/\/tahecosmetics.com\/professional\/donacion-fundacion-ana-bella\/#primaryimage\",\"url\":\"https:\/\/tahecosmetics.com\/professional\/wp-content\/uploads\/2021\/07\/fundacion-anabella.jpeg\",\"contentUrl\":\"https:\/\/tahecosmetics.com\/professional\/wp-content\/uploads\/2021\/07\/fundacion-anabella.jpeg\",\"width\":900,\"height\":600,\"caption\":\"fundaci\u00f3n ana bella\"},{\"@type\":\"BreadcrumbList\",\"@id\":\"https:\/\/tahecosmetics.com\/professional\/donacion-fundacion-ana-bella\/#breadcrumb\",\"itemListElement\":[{\"@type\":\"ListItem\",\"position\":1,\"name\":\"Home\",\"item\":\"https:\/\/tahecosmetics.com\/professional\/\"},{\"@type\":\"ListItem\",\"position\":2,\"name\":\"Tahe realiza una donaci\u00f3n en beneficio de la Fundaci\u00f3n Ana Bella\"}]},{\"@type\":\"WebSite\",\"@id\":\"https:\/\/tahecosmetics.com\/professional\/#website\",\"url\":\"https:\/\/tahecosmetics.com\/professional\/\",\"name\":\"Tahe Profesional\",\"description\":\"Productos Cosm\u00e9ticos para Profesionales\",\"publisher\":{\"@id\":\"https:\/\/tahecosmetics.com\/professional\/#organization\"},\"alternateName\":\"Tahe Profesional\",\"potentialAction\":[{\"@type\":\"SearchAction\",\"target\":{\"@type\":\"EntryPoint\",\"urlTemplate\":\"https:\/\/tahecosmetics.com\/professional\/?s={search_term_string}\"},\"query-input\":{\"@type\":\"PropertyValueSpecification\",\"valueRequired\":true,\"valueName\":\"search_term_string\"}}],\"inLanguage\":\"es\"},{\"@type\":\"Organization\",\"@id\":\"https:\/\/tahecosmetics.com\/professional\/#organization\",\"name\":\"Tahe Productos Cosm\u00e9ticos, S.L.\",\"url\":\"https:\/\/tahecosmetics.com\/professional\/\",\"logo\":{\"@type\":\"ImageObject\",\"inLanguage\":\"es\",\"@id\":\"https:\/\/tahecosmetics.com\/professional\/#\/schema\/logo\/image\/\",\"url\":\"https:\/\/tahecosmetics.com\/professional\/wp-content\/uploads\/2021\/06\/tahe-logo-dark.png\",\"contentUrl\":\"https:\/\/tahecosmetics.com\/professional\/wp-content\/uploads\/2021\/06\/tahe-logo-dark.png\",\"width\":800,\"height\":359,\"caption\":\"Tahe Productos Cosm\u00e9ticos, S.L.\"},\"image\":{\"@id\":\"https:\/\/tahecosmetics.com\/professional\/#\/schema\/logo\/image\/\"}},{\"@type\":\"Person\",\"@id\":\"https:\/\/tahecosmetics.com\/professional\/#\/schema\/person\/54a6820084eb3e7905cb65bfa7a11e99\",\"name\":\"Tahe\",\"image\":{\"@type\":\"ImageObject\",\"inLanguage\":\"es\",\"@id\":\"https:\/\/tahecosmetics.com\/professional\/#\/schema\/person\/image\/\",\"url\":\"https:\/\/tahecosmetics.com\/professional\/wp-content\/uploads\/2024\/07\/tahe-logo-dark-100x100.jpg\",\"contentUrl\":\"https:\/\/tahecosmetics.com\/professional\/wp-content\/uploads\/2024\/07\/tahe-logo-dark-100x100.jpg\",\"caption\":\"Tahe\"},\"url\":\"https:\/\/tahecosmetics.com\/professional\/author\/informatica\/\"}]}<\/script>\n<!-- \/ Yoast SEO plugin. -->","yoast_head_json":{"title":"Donaci\u00f3n en beneficio de la Fundaci\u00f3n Ana Bella | Tahe","description":"Tahe realiza una donaci\u00f3n en beneficio de la Fundaci\u00f3n Ana Bella con motivo de la campa\u00f1a online del D\u00eda Internacional de la Mujer. M\u00e1s info en nuestro blog","robots":{"index":"index","follow":"follow","max-snippet":"max-snippet:-1","max-image-preview":"max-image-preview:large","max-video-preview":"max-video-preview:-1"},"canonical":"https:\/\/tahecosmetics.com\/professional\/donacion-fundacion-ana-bella\/","og_locale":"es_ES","og_type":"article","og_title":"Donaci\u00f3n en beneficio de la Fundaci\u00f3n Ana Bella | Tahe","og_description":"Tahe realiza una donaci\u00f3n en beneficio de la Fundaci\u00f3n Ana Bella con motivo de la campa\u00f1a online del D\u00eda Internacional de la Mujer. M\u00e1s info en nuestro blog","og_url":"https:\/\/tahecosmetics.com\/professional\/donacion-fundacion-ana-bella\/","og_site_name":"Tahe Profesional","article_published_time":"2021-04-29T11:19:48+00:00","article_modified_time":"2025-03-10T09:35:05+00:00","og_image":[{"width":900,"height":600,"url":"https:\/\/tahecosmetics.com\/professional\/wp-content\/uploads\/2021\/07\/fundacion-anabella.jpeg","type":"image\/jpeg"}],"author":"Tahe","twitter_card":"summary_large_image","twitter_misc":{"Escrito por":"Tahe","Tiempo de lectura":"2 minutos"},"schema":{"@context":"https:\/\/schema.org","@graph":[{"@type":"Article","@id":"https:\/\/tahecosmetics.com\/professional\/donacion-fundacion-ana-bella\/#article","isPartOf":{"@id":"https:\/\/tahecosmetics.com\/professional\/donacion-fundacion-ana-bella\/"},"author":{"name":"Tahe","@id":"https:\/\/tahecosmetics.com\/professional\/#\/schema\/person\/54a6820084eb3e7905cb65bfa7a11e99"},"headline":"Tahe realiza una donaci\u00f3n en beneficio de la Fundaci\u00f3n Ana Bella","datePublished":"2021-04-29T11:19:48+00:00","dateModified":"2025-03-10T09:35:05+00:00","mainEntityOfPage":{"@id":"https:\/\/tahecosmetics.com\/professional\/donacion-fundacion-ana-bella\/"},"wordCount":392,"publisher":{"@id":"https:\/\/tahecosmetics.com\/professional\/#organization"},"image":{"@id":"https:\/\/tahecosmetics.com\/professional\/donacion-fundacion-ana-bella\/#primaryimage"},"thumbnailUrl":"https:\/\/tahecosmetics.com\/professional\/wp-content\/uploads\/2021\/07\/fundacion-anabella.jpeg","articleSection":["corporativo","Noticias"],"inLanguage":"es"},{"@type":"WebPage","@id":"https:\/\/tahecosmetics.com\/professional\/donacion-fundacion-ana-bella\/","url":"https:\/\/tahecosmetics.com\/professional\/donacion-fundacion-ana-bella\/","name":"Donaci\u00f3n en beneficio de la Fundaci\u00f3n Ana Bella | Tahe","isPartOf":{"@id":"https:\/\/tahecosmetics.com\/professional\/#website"},"primaryImageOfPage":{"@id":"https:\/\/tahecosmetics.com\/professional\/donacion-fundacion-ana-bella\/#primaryimage"},"image":{"@id":"https:\/\/tahecosmetics.com\/professional\/donacion-fundacion-ana-bella\/#primaryimage"},"thumbnailUrl":"https:\/\/tahecosmetics.com\/professional\/wp-content\/uploads\/2021\/07\/fundacion-anabella.jpeg","datePublished":"2021-04-29T11:19:48+00:00","dateModified":"2025-03-10T09:35:05+00:00","description":"Tahe realiza una donaci\u00f3n en beneficio de la Fundaci\u00f3n Ana Bella con motivo de la campa\u00f1a online del D\u00eda Internacional de la Mujer. M\u00e1s info en nuestro blog","breadcrumb":{"@id":"https:\/\/tahecosmetics.com\/professional\/donacion-fundacion-ana-bella\/#breadcrumb"},"inLanguage":"es","potentialAction":[{"@type":"ReadAction","target":["https:\/\/tahecosmetics.com\/professional\/donacion-fundacion-ana-bella\/"]}]},{"@type":"ImageObject","inLanguage":"es","@id":"https:\/\/tahecosmetics.com\/professional\/donacion-fundacion-ana-bella\/#primaryimage","url":"https:\/\/tahecosmetics.com\/professional\/wp-content\/uploads\/2021\/07\/fundacion-anabella.jpeg","contentUrl":"https:\/\/tahecosmetics.com\/professional\/wp-content\/uploads\/2021\/07\/fundacion-anabella.jpeg","width":900,"height":600,"caption":"fundaci\u00f3n ana bella"},{"@type":"BreadcrumbList","@id":"https:\/\/tahecosmetics.com\/professional\/donacion-fundacion-ana-bella\/#breadcrumb","itemListElement":[{"@type":"ListItem","position":1,"name":"Home","item":"https:\/\/tahecosmetics.com\/professional\/"},{"@type":"ListItem","position":2,"name":"Tahe realiza una donaci\u00f3n en beneficio de la Fundaci\u00f3n Ana Bella"}]},{"@type":"WebSite","@id":"https:\/\/tahecosmetics.com\/professional\/#website","url":"https:\/\/tahecosmetics.com\/professional\/","name":"Tahe Profesional","description":"Productos Cosm\u00e9ticos para Profesionales","publisher":{"@id":"https:\/\/tahecosmetics.com\/professional\/#organization"},"alternateName":"Tahe Profesional","potentialAction":[{"@type":"SearchAction","target":{"@type":"EntryPoint","urlTemplate":"https:\/\/tahecosmetics.com\/professional\/?s={search_term_string}"},"query-input":{"@type":"PropertyValueSpecification","valueRequired":true,"valueName":"search_term_string"}}],"inLanguage":"es"},{"@type":"Organization","@id":"https:\/\/tahecosmetics.com\/professional\/#organization","name":"Tahe Productos Cosm\u00e9ticos, S.L.","url":"https:\/\/tahecosmetics.com\/professional\/","logo":{"@type":"ImageObject","inLanguage":"es","@id":"https:\/\/tahecosmetics.com\/professional\/#\/schema\/logo\/image\/","url":"https:\/\/tahecosmetics.com\/professional\/wp-content\/uploads\/2021\/06\/tahe-logo-dark.png","contentUrl":"https:\/\/tahecosmetics.com\/professional\/wp-content\/uploads\/2021\/06\/tahe-logo-dark.png","width":800,"height":359,"caption":"Tahe Productos Cosm\u00e9ticos, S.L."},"image":{"@id":"https:\/\/tahecosmetics.com\/professional\/#\/schema\/logo\/image\/"}},{"@type":"Person","@id":"https:\/\/tahecosmetics.com\/professional\/#\/schema\/person\/54a6820084eb3e7905cb65bfa7a11e99","name":"Tahe","image":{"@type":"ImageObject","inLanguage":"es","@id":"https:\/\/tahecosmetics.com\/professional\/#\/schema\/person\/image\/","url":"https:\/\/tahecosmetics.com\/professional\/wp-content\/uploads\/2024\/07\/tahe-logo-dark-100x100.jpg","contentUrl":"https:\/\/tahecosmetics.com\/professional\/wp-content\/uploads\/2024\/07\/tahe-logo-dark-100x100.jpg","caption":"Tahe"},"url":"https:\/\/tahecosmetics.com\/professional\/author\/informatica\/"}]}},"acf":[],"_links":{"self":[{"href":"https:\/\/tahecosmetics.com\/professional\/wp-json\/wp\/v2\/posts\/2311","targetHints":{"allow":["GET"]}}],"collection":[{"href":"https:\/\/tahecosmetics.com\/professional\/wp-json\/wp\/v2\/posts"}],"about":[{"href":"https:\/\/tahecosmetics.com\/professional\/wp-json\/wp\/v2\/types\/post"}],"author":[{"embeddable":true,"href":"https:\/\/tahecosmetics.com\/professional\/wp-json\/wp\/v2\/users\/3"}],"replies":[{"embeddable":true,"href":"https:\/\/tahecosmetics.com\/professional\/wp-json\/wp\/v2\/comments?post=2311"}],"version-history":[{"count":1,"href":"https:\/\/tahecosmetics.com\/professional\/wp-json\/wp\/v2\/posts\/2311\/revisions"}],"predecessor-version":[{"id":26531,"href":"https:\/\/tahecosmetics.com\/professional\/wp-json\/wp\/v2\/posts\/2311\/revisions\/26531"}],"wp:featuredmedia":[{"embeddable":true,"href":"https:\/\/tahecosmetics.com\/professional\/wp-json\/wp\/v2\/media\/2312"}],"wp:attachment":[{"href":"https:\/\/tahecosmetics.com\/professional\/wp-json\/wp\/v2\/media?parent=2311"}],"wp:term":[{"taxonomy":"category","embeddable":true,"href":"https:\/\/tahecosmetics.com\/professional\/wp-json\/wp\/v2\/categories?post=2311"},{"taxonomy":"post_tag","embeddable":true,"href":"https:\/\/tahecosmetics.com\/professional\/wp-json\/wp\/v2\/tags?post=2311"}],"curies":[{"name":"wp","href":"https:\/\/api.w.org\/{rel}","templated":true}]}}