{"id":8477,"date":"2026-08-31T08:51:42","date_gmt":"2026-08-31T06:51:42","guid":{"rendered":"https:\/\/tahecosmetics.com\/trends\/?p=8477"},"modified":"2026-08-31T15:41:38","modified_gmt":"2026-08-31T13:41:38","slug":"pelo-poroso-despues-verano","status":"publish","type":"post","link":"https:\/\/tahecosmetics.com\/trends\/pelo-poroso-despues-verano\/","title":{"rendered":"Pelo poroso despu\u00e9s del verano: 7 se\u00f1ales de que tu cabello necesita reconstrucci\u00f3n"},"content":{"rendered":"<span class=\"span-reading-time rt-reading-time\" style=\"display: block;\"><span class=\"rt-label rt-prefix\">Tiempo de lectura:<\/span> <span class=\"rt-time\"> 5<\/span> <span class=\"rt-label rt-postfix\">minutos<\/span><\/span><p>Vuelves de vacaciones, te lavas el pelo, aplicas tu mascarilla favorita y parece que todo vuelve a estar bajo control. Pero pasan unas horas y ah\u00ed est\u00e1 otra vez: \u00e1spero, encrespado, sin brillo y mucho m\u00e1s dif\u00edcil de peinar.<\/p>\n<p>\u00bfTe suena?<\/p>\n<p>Puede que tu cabello no est\u00e9 simplemente seco. <strong>Puede que se haya vuelto m\u00e1s poroso y necesite algo m\u00e1s que hidrataci\u00f3n<\/strong>.<\/p>\n<p>Durante el verano, el sol, el cloro de las piscinas, la sal del mar y las altas temperaturas act\u00faan de forma acumulativa sobre la fibra capilar. Y, si adem\u00e1s utilizas herramientas de calor, llevas el cabello te\u00f1ido o has pasado por procesos como mechas o decoloraciones, el cabello se debilita todav\u00eda m\u00e1s.<\/p>\n<p>El problema es que el da\u00f1o no siempre da se\u00f1ales de alarma inmediatamente. Muchas veces es al terminar las vacaciones cuando empezamos a notar que la melena ya no responde igual que antes: se enreda m\u00e1s, cuesta peinarla, pierde brillo, el encrespamiento aumenta o las puntas parecen no tener remedio.<\/p>\n<p>Detr\u00e1s de algunos de estos cambios puede estar la <strong>porosidad capilar<\/strong>.<\/p>\n<p>Pero, \u00bfqu\u00e9 significa realmente tener el pelo poroso? \u00bfEs lo mismo que seco? \u00bfC\u00f3mo puedes saber si necesitas hidrataci\u00f3n o si ha llegado el momento de apostar por una reconstrucci\u00f3n capilar? \u00a1Vamos a verlo!<\/p>\n<div id=\"ez-toc-container\" class=\"ez-toc-v2_0_86 counter-hierarchy ez-toc-counter ez-toc-custom ez-toc-container-direction\">\n<div class=\"ez-toc-title-container\">\n<p class=\"ez-toc-title\" style=\"cursor:inherit\">Lista de contenidos<\/p>\n<span class=\"ez-toc-title-toggle\"><a href=\"#\" class=\"ez-toc-pull-right ez-toc-btn ez-toc-btn-xs ez-toc-btn-default ez-toc-toggle\" aria-label=\"Alternar tabla de contenidos\"><span class=\"ez-toc-js-icon-con\"><span class=\"\"><span class=\"eztoc-hide\" style=\"display:none;\">Toggle<\/span><span class=\"ez-toc-icon-toggle-span\"><svg style=\"fill: #8b2533;color:#8b2533\" xmlns=\"http:\/\/www.w3.org\/2000\/svg\" class=\"list-377408\" width=\"20px\" height=\"20px\" viewBox=\"0 0 24 24\" fill=\"none\"><path d=\"M6 6H4v2h2V6zm14 0H8v2h12V6zM4 11h2v2H4v-2zm16 0H8v2h12v-2zM4 16h2v2H4v-2zm16 0H8v2h12v-2z\" fill=\"currentColor\"><\/path><\/svg><svg style=\"fill: #8b2533;color:#8b2533\" class=\"arrow-unsorted-368013\" xmlns=\"http:\/\/www.w3.org\/2000\/svg\" width=\"10px\" height=\"10px\" viewBox=\"0 0 24 24\" version=\"1.2\" baseProfile=\"tiny\"><path d=\"M18.2 9.3l-6.2-6.3-6.2 6.3c-.2.2-.3.4-.3.7s.1.5.3.7c.2.2.4.3.7.3h11c.3 0 .5-.1.7-.3.2-.2.3-.5.3-.7s-.1-.5-.3-.7zM5.8 14.7l6.2 6.3 6.2-6.3c.2-.2.3-.5.3-.7s-.1-.5-.3-.7c-.2-.2-.4-.3-.7-.3h-11c-.3 0-.5.1-.7.3-.2.2-.3.5-.3.7s.1.5.3.7z\"\/><\/svg><\/span><\/span><\/span><\/a><\/span><\/div>\n<nav><ul class='ez-toc-list ez-toc-list-level-1 ' ><li class='ez-toc-page-1 ez-toc-heading-level-2'><a class=\"ez-toc-link ez-toc-heading-1\" href=\"https:\/\/tahecosmetics.com\/trends\/pelo-poroso-despues-verano\/#%C2%BFQue_es_el_pelo_poroso\" >\u00bfQu\u00e9 es el pelo poroso?<\/a><\/li><li class='ez-toc-page-1 ez-toc-heading-level-2'><a class=\"ez-toc-link ez-toc-heading-2\" href=\"https:\/\/tahecosmetics.com\/trends\/pelo-poroso-despues-verano\/#%C2%BFPelo_seco_o_pelo_poroso_No_es_exactamente_lo_mismo\" >\u00bfPelo seco o pelo poroso? No es exactamente lo mismo<\/a><ul class='ez-toc-list-level-3' ><li class='ez-toc-heading-level-3'><a class=\"ez-toc-link ez-toc-heading-3\" href=\"https:\/\/tahecosmetics.com\/trends\/pelo-poroso-despues-verano\/#1_Tu_pelo_vuelve_a_sentirse_seco_muy_rapido\" >1. Tu pelo vuelve a sentirse seco muy r\u00e1pido<\/a><\/li><li class='ez-toc-page-1 ez-toc-heading-level-3'><a class=\"ez-toc-link ez-toc-heading-4\" href=\"https:\/\/tahecosmetics.com\/trends\/pelo-poroso-despues-verano\/#2_Lo_notas_mas_aspero_al_tacto\" >2. Lo notas m\u00e1s \u00e1spero al tacto<\/a><\/li><li class='ez-toc-page-1 ez-toc-heading-level-3'><a class=\"ez-toc-link ez-toc-heading-5\" href=\"https:\/\/tahecosmetics.com\/trends\/pelo-poroso-despues-verano\/#3_Se_enreda_mucho_mas_que_antes\" >3. Se enreda mucho m\u00e1s que antes<\/a><\/li><li class='ez-toc-page-1 ez-toc-heading-level-3'><a class=\"ez-toc-link ez-toc-heading-6\" href=\"https:\/\/tahecosmetics.com\/trends\/pelo-poroso-despues-verano\/#4_El_frizz_ha_aumentado\" >4. El frizz ha aumentado<\/a><\/li><li class='ez-toc-page-1 ez-toc-heading-level-3'><a class=\"ez-toc-link ez-toc-heading-7\" href=\"https:\/\/tahecosmetics.com\/trends\/pelo-poroso-despues-verano\/#5_Ha_perdido_brillo\" >5. Ha perdido brillo<\/a><\/li><li class='ez-toc-page-1 ez-toc-heading-level-3'><a class=\"ez-toc-link ez-toc-heading-8\" href=\"https:\/\/tahecosmetics.com\/trends\/pelo-poroso-despues-verano\/#6_El_cabello_se_rompe_con_mayor_facilidad\" >6. El cabello se rompe con mayor facilidad<\/a><\/li><li class='ez-toc-page-1 ez-toc-heading-level-3'><a class=\"ez-toc-link ez-toc-heading-9\" href=\"https:\/\/tahecosmetics.com\/trends\/pelo-poroso-despues-verano\/#7_Tu_color_pierde_luminosidad_o_se_ve_menos_uniforme\" >7. Tu color pierde luminosidad o se ve menos uniforme<\/a><\/li><\/ul><\/li><li class='ez-toc-page-1 ez-toc-heading-level-2'><a class=\"ez-toc-link ez-toc-heading-10\" href=\"https:\/\/tahecosmetics.com\/trends\/pelo-poroso-despues-verano\/#Entonces_%C2%BFtu_pelo_necesita_hidratacion_o_reconstruccion\" >Entonces, \u00bftu pelo necesita hidrataci\u00f3n o reconstrucci\u00f3n?<\/a><\/li><li class='ez-toc-page-1 ez-toc-heading-level-2'><a class=\"ez-toc-link ez-toc-heading-11\" href=\"https:\/\/tahecosmetics.com\/trends\/pelo-poroso-despues-verano\/#Reconstruccion_profesional_con_Hair_Cure_Treatment_de_Styling_Lab\" >Reconstrucci\u00f3n profesional con Hair Cure Treatment de Styling Lab<\/a><\/li><li class='ez-toc-page-1 ez-toc-heading-level-2'><a class=\"ez-toc-link ez-toc-heading-12\" href=\"https:\/\/tahecosmetics.com\/trends\/pelo-poroso-despues-verano\/#Preguntas_frecuentes\" >Preguntas frecuentes<\/a><ul class='ez-toc-list-level-3' ><li class='ez-toc-heading-level-3'><a class=\"ez-toc-link ez-toc-heading-13\" href=\"https:\/\/tahecosmetics.com\/trends\/pelo-poroso-despues-verano\/#%C2%BFComo_puedo_saber_si_tengo_el_pelo_poroso\" >\u00bfC\u00f3mo puedo saber si tengo el pelo poroso?<\/a><\/li><li class='ez-toc-page-1 ez-toc-heading-level-3'><a class=\"ez-toc-link ez-toc-heading-14\" href=\"https:\/\/tahecosmetics.com\/trends\/pelo-poroso-despues-verano\/#%C2%BFUn_cabello_poroso_necesita_siempre_reconstruccion\" >\u00bfUn cabello poroso necesita siempre reconstrucci\u00f3n?<\/a><\/li><li class='ez-toc-page-1 ez-toc-heading-level-3'><a class=\"ez-toc-link ez-toc-heading-15\" href=\"https:\/\/tahecosmetics.com\/trends\/pelo-poroso-despues-verano\/#%C2%BFPuedo_hacer_Hair_Cure_Treatment_de_Styling_Lab_en_casa\" >\u00bfPuedo hacer Hair Cure Treatment de Styling Lab en casa?<\/a><\/li><li class='ez-toc-page-1 ez-toc-heading-level-3'><a class=\"ez-toc-link ez-toc-heading-16\" href=\"https:\/\/tahecosmetics.com\/trends\/pelo-poroso-despues-verano\/#%C2%BFHair_Cure_Treatment_es_adecuado_despues_de_verano\" >\u00bfHair Cure Treatment es adecuado despu\u00e9s de verano?<\/a><\/li><li class='ez-toc-page-1 ez-toc-heading-level-3'><a class=\"ez-toc-link ez-toc-heading-17\" href=\"https:\/\/tahecosmetics.com\/trends\/pelo-poroso-despues-verano\/#%C2%BFPuedo_realizar_Hair_Cure_antes_de_volver_a_tenirme_o_hacerme_mechas\" >\u00bfPuedo realizar Hair Cure antes de volver a te\u00f1irme o hacerme mechas?<\/a><\/li><\/ul><\/li><\/ul><\/nav><\/div>\n<h2><span class=\"ez-toc-section\" id=\"%C2%BFQue_es_el_pelo_poroso\"><\/span><strong>\u00bfQu\u00e9 es el pelo poroso?<\/strong><span class=\"ez-toc-section-end\"><\/span><\/h2>\n<p>Para entender qu\u00e9 es la porosidad del cabello tenemos que fijarnos primero en una parte que no podemos ver a simple vista: <strong>la cut\u00edcula<\/strong>.<\/p>\n<p>La cut\u00edcula es la capa m\u00e1s externa de la fibra capilar. Est\u00e1 formada por peque\u00f1as c\u00e9lulas superpuestas que funcionan como una especie de escudo protector alrededor del cabello.<\/p>\n<p>Cuando esa superficie se encuentra en buenas condiciones, las c\u00e9lulas permanecen m\u00e1s ordenadas y compactas. Esto ayuda a proteger el interior de la fibra, mantener su equilibrio y reflejar mejor la luz. Sin embargo, cuando la cut\u00edcula se deteriora, esas peque\u00f1as capas dejan de estar tan alineadas haciendo que la fibra quede m\u00e1s expuesta y el cabello quede desprotegido.<\/p>\n<p>Ah\u00ed es donde entra la porosidad.<\/p>\n<p><strong>Un cabello muy poroso hace que el agua y determinados productos penetren con facilidad, pero tambi\u00e9n hace que esa hidrataci\u00f3n se pierda r\u00e1pidamente<\/strong>. De ah\u00ed esa sensaci\u00f3n tan habitual de aplicar una mascarilla, notar el pelo estupendo al salir de la ducha y, unas horas m\u00e1s tarde, descubrir que vuelve a estar seco o encrespado.<\/p>\n<p><img decoding=\"async\" class=\"alignnone wp-image-8484 size-full\" src=\"https:\/\/tahecosmetics.com\/trends\/wp-content\/uploads\/2026\/08\/comparacion-porosidad-capilar.webp\" alt=\"Gr\u00e1fica comparativa sobre un pelo poroso\" width=\"1672\" height=\"941\" srcset=\"https:\/\/tahecosmetics.com\/trends\/wp-content\/uploads\/2026\/08\/comparacion-porosidad-capilar.webp 1672w, https:\/\/tahecosmetics.com\/trends\/wp-content\/uploads\/2026\/08\/comparacion-porosidad-capilar-300x169.webp 300w, https:\/\/tahecosmetics.com\/trends\/wp-content\/uploads\/2026\/08\/comparacion-porosidad-capilar-1024x576.webp 1024w, https:\/\/tahecosmetics.com\/trends\/wp-content\/uploads\/2026\/08\/comparacion-porosidad-capilar-768x432.webp 768w, https:\/\/tahecosmetics.com\/trends\/wp-content\/uploads\/2026\/08\/comparacion-porosidad-capilar-1536x864.webp 1536w, https:\/\/tahecosmetics.com\/trends\/wp-content\/uploads\/2026\/08\/comparacion-porosidad-capilar-580x326.webp 580w, https:\/\/tahecosmetics.com\/trends\/wp-content\/uploads\/2026\/08\/comparacion-porosidad-capilar-860x484.webp 860w, https:\/\/tahecosmetics.com\/trends\/wp-content\/uploads\/2026\/08\/comparacion-porosidad-capilar-1160x653.webp 1160w\" sizes=\"(max-width: 1672px) 100vw, 1672px\" \/><\/p>\n<p>La porosidad, adem\u00e1s, no es necesariamente algo negativo por s\u00ed misma ni es igual en todos los cabellos. Cada fibra tiene sus propias caracter\u00edsticas. Lo importante es observar cu\u00e1ndo aumenta el desgaste y aparecen se\u00f1ales como aspereza, fragilidad, rotura o p\u00e9rdida de elasticidad.<\/p>\n<p>Y despu\u00e9s del verano es frecuente que estas se\u00f1ales se hagan m\u00e1s visibles.<\/p>\n<p>La exposici\u00f3n continuada al sol puede deteriorar progresivamente la fibra. Si a eso a\u00f1adimos la sal del mar o el cloro de la piscina, el calor, la fricci\u00f3n, el secador, las planchas o procesos qu\u00edmicos, el cabello probablemente llegar\u00e1 a septiembre bastante m\u00e1s sensibilizado de lo que imagin\u00e1bamos.<\/p>\n<h2><span class=\"ez-toc-section\" id=\"%C2%BFPelo_seco_o_pelo_poroso_No_es_exactamente_lo_mismo\"><\/span><strong>\u00bfPelo seco o pelo poroso? No es exactamente lo mismo<\/strong><span class=\"ez-toc-section-end\"><\/span><\/h2>\n<p>Aqu\u00ed llega una de las grandes confusiones: sequedad y porosidad pueden aparecer juntas, pero no significan exactamente lo mismo.<\/p>\n<p><strong>La sequedad capilar es la falta de hidrataci\u00f3n del cabello<\/strong> lo que hace que se vuelva \u00e1spero y sin brillo. Mientras que <strong>la porosidad es la capacidad que tiene el pelo de absorber y retener humedad y productos<\/strong>. Si est\u00e1 muy poroso, aparece frizz, sequedad y el pelo tiende a romperse con mayor facilidad.<\/p>\n<p>Un cabello seco necesita principalmente recuperar suavidad, acondicionamiento, nutrici\u00f3n o hidrataci\u00f3n dentro de una rutina de cuidado adecuada. Sin embargo, cuando la fibra est\u00e1 m\u00e1s alterada y aparecen adem\u00e1s otros signos como rotura, falta de resistencia, una textura excesivamente rugosa o una porosidad elevada, el problema puede ir m\u00e1s all\u00e1.<\/p>\n<p>En ese caso, puede ser necesario trabajar tambi\u00e9n la estructura, cohesi\u00f3n y resistencia de la fibra capilar.<\/p>\n<p>Por eso, si utilizas una mascarilla hidratante, notas el pelo suave nada m\u00e1s aclararla, pero al poco tiempo vuelves a sentirlo \u00e1spero, puede que no signifique que tu mascarilla no funcione, sino que quiz\u00e1s la hidrataci\u00f3n no sea el \u00fanico problema.<\/p>\n<p>Entonces, \u00bfc\u00f3mo saber si tu melena necesita algo m\u00e1s? Hay algunas se\u00f1ales que pueden ayudarte.<\/p>\n<h3><span class=\"ez-toc-section\" id=\"1_Tu_pelo_vuelve_a_sentirse_seco_muy_rapido\"><\/span><strong>1. Tu pelo vuelve a sentirse seco muy r\u00e1pido<\/strong><span class=\"ez-toc-section-end\"><\/span><\/h3>\n<p>Lo hidratas, se suaviza y aparentemente se ha recuperado. Pero la tregua dura poco.<\/p>\n<p>A las pocas horas o al d\u00eda siguiente vuelve esa sensaci\u00f3n de sequedad, especialmente en medios y puntas. El cabello parece \u201cbeberse\u201d los productos, pero el resultado no permanece tanto como esperabas.<\/p>\n<p>Cuando la cut\u00edcula est\u00e1 muy alterada, la fibra puede tener m\u00e1s dificultades para mantener su equilibrio. Por eso, esa sensaci\u00f3n de suavidad conseguida durante el lavado desaparece r\u00e1pidamente.<\/p>\n<p>Si necesitas aplicar continuamente acondicionadores, mascarillas, s\u00e9rums o aceites para mantener el cabello manejable, conviene analizar qu\u00e9 est\u00e1 ocurriendo realmente.<\/p>\n<p>Eso s\u00ed, no significa que debas aplicar cada vez m\u00e1s producto. De hecho, a\u00f1adir capas y capas de mascarilla o acondicionador sin conocer qu\u00e9 necesita el cabello no siempre soluciona el problema.<\/p>\n<p><strong>A veces la clave no est\u00e1 en usar m\u00e1s, sino en utilizar el tratamiento adecuado.<\/strong><\/p>\n<h3><span class=\"ez-toc-section\" id=\"2_Lo_notas_mas_aspero_al_tacto\"><\/span><strong>2. Lo notas m\u00e1s \u00e1spero al tacto<\/strong><span class=\"ez-toc-section-end\"><\/span><\/h3>\n<p>Haz una prueba sencilla.<\/p>\n<p>Pasa los dedos suavemente desde medios hasta puntas. \u00bfNotas una textura diferente? \u00bfM\u00e1s rugosa? \u00bfHay zonas que ya no se sienten tan lisas como antes?<\/p>\n<p>La superficie de un pelo sano suele sentirse m\u00e1s uniforme. <strong>Cuando la cut\u00edcula se encuentra alterada, esa sensaci\u00f3n de suavidad desaparece y el cabello empieza a volverse m\u00e1s \u00e1spero<\/strong>. Esa rugosidad tambi\u00e9n suele hacer que el pelo se enrede m\u00e1s dificultando el peinado.<\/p>\n<p>Esta es una de las se\u00f1ales m\u00e1s habituales de semanas de playa, piscina y exposici\u00f3n solar.<\/p>\n<h3><span class=\"ez-toc-section\" id=\"3_Se_enreda_mucho_mas_que_antes\"><\/span><strong>3. Se enreda mucho m\u00e1s que antes<\/strong><span class=\"ez-toc-section-end\"><\/span><\/h3>\n<p><img decoding=\"async\" class=\"alignnone wp-image-8486 size-full\" src=\"https:\/\/tahecosmetics.com\/trends\/wp-content\/uploads\/2026\/08\/pelo-enredado.webp\" alt=\"Mujer con el pelo enredado\" width=\"1536\" height=\"1024\" srcset=\"https:\/\/tahecosmetics.com\/trends\/wp-content\/uploads\/2026\/08\/pelo-enredado.webp 1536w, https:\/\/tahecosmetics.com\/trends\/wp-content\/uploads\/2026\/08\/pelo-enredado-300x200.webp 300w, https:\/\/tahecosmetics.com\/trends\/wp-content\/uploads\/2026\/08\/pelo-enredado-1024x683.webp 1024w, https:\/\/tahecosmetics.com\/trends\/wp-content\/uploads\/2026\/08\/pelo-enredado-768x512.webp 768w, https:\/\/tahecosmetics.com\/trends\/wp-content\/uploads\/2026\/08\/pelo-enredado-580x387.webp 580w, https:\/\/tahecosmetics.com\/trends\/wp-content\/uploads\/2026\/08\/pelo-enredado-860x573.webp 860w, https:\/\/tahecosmetics.com\/trends\/wp-content\/uploads\/2026\/08\/pelo-enredado-1160x773.webp 1160w\" sizes=\"(max-width: 1536px) 100vw, 1536px\" \/><\/p>\n<p>Otro cl\u00e1sico de septiembre.<\/p>\n<p>Antes pod\u00edas cepillarlo sin demasiados problemas y ahora parece que cada mech\u00f3n ha decidido engancharse con el siguiente.<\/p>\n<p>Los enredos no aparecen \u00fanicamente porque tengas mucho pelo o porque sea largo. Cuando la superficie de la fibra deja de estar uniforme, aumenta la fricci\u00f3n entre unos cabellos y otros, y resulta m\u00e1s f\u00e1cil que se enganchen entre s\u00ed. Por eso, <strong>un cabello sensibilizado o muy poroso puede enredarse con mayor facilidad<\/strong>.<\/p>\n<p>Aqu\u00ed tambi\u00e9n entra en juego un peque\u00f1o c\u00edrculo vicioso: cuanto m\u00e1s se enreda, m\u00e1s insistimos con el cepillo; cuanto m\u00e1s tiramos, mayor es el estr\u00e9s mec\u00e1nico que soporta la fibra y m\u00e1s posibilidades existen de que termine rompi\u00e9ndose.<\/p>\n<p>As\u00ed que nada de empezar desde la ra\u00edz y tirar hasta que el nudo se rinda. Desenreda con suavidad, comienza por las puntas, ve ascendiendo poco a poco y utiliza productos que faciliten el deslizamiento si tu cabello lo necesita. \u00a1Tu melena te lo agradecer\u00e1!<\/p>\n<h3><span class=\"ez-toc-section\" id=\"4_El_frizz_ha_aumentado\"><\/span><strong>4. El frizz ha aumentado<\/strong><span class=\"ez-toc-section-end\"><\/span><\/h3>\n<p>Aunque solemos relacionar el encrespamiento con la humedad ambiental, el estado de la fibra tambi\u00e9n tiene mucho que decir.<\/p>\n<p>Cuando la superficie del cabello est\u00e1 m\u00e1s alterada y presenta una porosidad elevada, puede reaccionar con mayor facilidad a los cambios de humedad del ambiente. <strong>El resultado puede ser una melena menos uniforme y m\u00e1s dif\u00edcil de controlar.<\/strong><\/p>\n<p>De repente, esa rutina que antes funcionaba perfectamente parece haberse quedado corta. Utilizas los mismos productos, te peinas de la misma manera e incluso recurres al mismo s\u00e9rum. Pero el frizz vuelve.<\/p>\n<p>Esto puede estar d\u00e1ndote informaci\u00f3n.<\/p>\n<h3><span class=\"ez-toc-section\" id=\"5_Ha_perdido_brillo\"><\/span><strong>5. Ha perdido brillo<\/strong><span class=\"ez-toc-section-end\"><\/span><\/h3>\n<p>El brillo no depende \u00fanicamente del s\u00e9rum que aplicas al terminar de peinarte.<\/p>\n<p>Una superficie m\u00e1s lisa y uniforme refleja mejor la luz. Cuando la cut\u00edcula est\u00e1 da\u00f1ada y la fibra presenta una textura irregular, <strong>la luz se refleja de manera diferente y el cabello puede verse m\u00e1s mate o apagado<\/strong>.<\/p>\n<p>As\u00ed que, si tu melena parece haber perdido luminosidad despu\u00e9s del verano, aunque el color siga siendo bonito, conviene mirar m\u00e1s all\u00e1 del acabado. El problema puede estar en la propia calidad del cabello.<\/p>\n<h3><span class=\"ez-toc-section\" id=\"6_El_cabello_se_rompe_con_mayor_facilidad\"><\/span><strong>6. El cabello se rompe con mayor facilidad<\/strong><span class=\"ez-toc-section-end\"><\/span><\/h3>\n<p>Esta es una de las se\u00f1ales a las que debemos prestar m\u00e1s atenci\u00f3n. Porque una cosa es\u00a0 que el pelo se caiga desde la ra\u00edz y otra muy distinta que la fibra se parta por alg\u00fan punto de su longitud.<\/p>\n<p><strong>Si encuentras peque\u00f1os cabellos rotos, notas que las puntas se debilitan cada vez m\u00e1s, aparecen zonas con longitudes irregulares o ves que la melena pierde resistencia durante el cepillado, la fibra capilar puede estar sensibilizada.<\/strong><\/p>\n<p>El sol, el cloro, las herramientas t\u00e9rmicas y los procesos qu\u00edmicos pueden ir debilitando progresivamente el cabello. Cuanto mayor es ese desgaste, m\u00e1s vulnerable se vuelve frente a la tensi\u00f3n que generan ciertas acciones cotidianas como cepillarlo, recogerlo o utilizar herramientas t\u00e9rmicas.<\/p>\n<h3><span class=\"ez-toc-section\" id=\"7_Tu_color_pierde_luminosidad_o_se_ve_menos_uniforme\"><\/span><strong>7. Tu color pierde luminosidad o se ve menos uniforme<\/strong><span class=\"ez-toc-section-end\"><\/span><\/h3>\n<p>Los cabellos te\u00f1idos, con mechas o decolorados merecen una menci\u00f3n especial.<\/p>\n<p>Los procesos qu\u00edmicos modifican la fibra para conseguir el resultado de color que buscamos. Si despu\u00e9s a\u00f1adimos varias semanas de exposici\u00f3n al sol, ba\u00f1os en el mar, piscina, secadores y planchas, lo normal es que al terminar el verano el cabello est\u00e9 en peores condiciones.<\/p>\n<p>\u00bfY qu\u00e9 tiene que ver esto con el color? Mucho.<\/p>\n<p><strong>Una fibra con una superficie alterada no refleja la luz de la misma manera, por lo que el color puede percibirse m\u00e1s apagado<\/strong> incluso aunque el pigmento siga ah\u00ed.<\/p>\n<p>Por eso, si despu\u00e9s de vacaciones est\u00e1s pensando en volver a hacerte mechas, renovar tu color o realizar cualquier otro servicio qu\u00edmico, no te centres \u00fanicamente en elegir el tono.<\/p>\n<h2><span class=\"ez-toc-section\" id=\"Entonces_%C2%BFtu_pelo_necesita_hidratacion_o_reconstruccion\"><\/span><strong>Entonces, \u00bftu pelo necesita hidrataci\u00f3n o reconstrucci\u00f3n? <\/strong><span class=\"ez-toc-section-end\"><\/span><\/h2>\n<p>Puede que las dos cosas.<\/p>\n<p><strong>Hidrataci\u00f3n y reconstrucci\u00f3n no tienen por qu\u00e9 competir entre s\u00ed, ya que responden a necesidades diferentes.<\/strong><\/p>\n<p>Cuando el problema principal es la falta de suavidad o hidrataci\u00f3n, una buena rutina de cuidado puede ser suficiente. Pero cuando aparecen se\u00f1ales como rotura, p\u00e9rdida de resistencia, porosidad elevada o una fibra sensibilizada, lo recomendable es, sin lugar a duda, incorporar un tratamiento reconstructor profesional.<\/p>\n<p>Y precisamente aqu\u00ed es donde entra en juego el diagn\u00f3stico de los y las profesionales de la peluquer\u00eda.<\/p>\n<h2><span class=\"ez-toc-section\" id=\"Reconstruccion_profesional_con_Hair_Cure_Treatment_de_Styling_Lab\"><\/span><strong>Reconstrucci\u00f3n profesional con Hair Cure Treatment de Styling Lab<\/strong><span class=\"ez-toc-section-end\"><\/span><\/h2>\n<p>Cuando el da\u00f1o afecta tanto a superficie como al interior de la fibra, el objetivo ya no consiste \u00fanicamente en conseguir que el cabello se sienta suave durante unas horas. Necesitamos trabajar su calidad.<\/p>\n<p><img decoding=\"async\" class=\"alignnone wp-image-8479 size-full\" src=\"https:\/\/tahecosmetics.com\/trends\/wp-content\/uploads\/2026\/08\/Hair-Cure-Treatment-Styling-Lab.webp\" alt=\"Hair Cure Treatment Styling Lab de Tahe\" width=\"1672\" height=\"941\" srcset=\"https:\/\/tahecosmetics.com\/trends\/wp-content\/uploads\/2026\/08\/Hair-Cure-Treatment-Styling-Lab.webp 1672w, https:\/\/tahecosmetics.com\/trends\/wp-content\/uploads\/2026\/08\/Hair-Cure-Treatment-Styling-Lab-300x169.webp 300w, https:\/\/tahecosmetics.com\/trends\/wp-content\/uploads\/2026\/08\/Hair-Cure-Treatment-Styling-Lab-1024x576.webp 1024w, https:\/\/tahecosmetics.com\/trends\/wp-content\/uploads\/2026\/08\/Hair-Cure-Treatment-Styling-Lab-768x432.webp 768w, https:\/\/tahecosmetics.com\/trends\/wp-content\/uploads\/2026\/08\/Hair-Cure-Treatment-Styling-Lab-1536x864.webp 1536w, https:\/\/tahecosmetics.com\/trends\/wp-content\/uploads\/2026\/08\/Hair-Cure-Treatment-Styling-Lab-580x326.webp 580w, https:\/\/tahecosmetics.com\/trends\/wp-content\/uploads\/2026\/08\/Hair-Cure-Treatment-Styling-Lab-860x484.webp 860w, https:\/\/tahecosmetics.com\/trends\/wp-content\/uploads\/2026\/08\/Hair-Cure-Treatment-Styling-Lab-1160x653.webp 1160w\" sizes=\"(max-width: 1672px) 100vw, 1672px\" \/><\/p>\n<p><a href=\"https:\/\/tahecosmetics.com\/es-es\/lab-tratamiento-reparador-dual-plex\" target=\"_blank\" rel=\"noopener\">Hair Cure Treatment de Styling Lab<\/a> es un tratamiento reconstructor intensivo profesional indicado para cabellos castigados dise\u00f1ado para trabajar a diferentes niveles de la fibra capilar.<\/p>\n<p>\u00bfSu particularidad? Su tecnolog\u00eda <strong>DUAL PLEX<\/strong> que combina dos acciones complementarias:<\/p>\n<ul>\n<li><strong>Cortex Bond Plex\u2122<\/strong>: trabaja en el c\u00f3rtex, la zona interna de la fibra, ayudando a reforzar su estructura, resistencia y elasticidad.<\/li>\n<\/ul>\n<ul>\n<li><strong>Cuticle Performance Plex\u2122<\/strong>: trabaja sobre la superficie capilar, contribuyendo a reducir la porosidad, mejorar el sellado de la cut\u00edcula y conseguir un cabello m\u00e1s uniforme y brillante.<\/li>\n<\/ul>\n<p>De esta forma, <strong>Hair Cure Treatment de la l\u00ednea Styling Lab de Tahe trata el cabello dentro y fuera<\/strong>.<\/p>\n<p>\u00bfEl resultado? <strong>Un cabello m\u00e1s resistente, uniforme, suave y brillante, reduciendo la rotura hasta en un 95%<\/strong>.<\/p>\n<p>Pero hay algo importante que debes saber: <strong>Hair Cure es un tratamiento de uso exclusivo en sal\u00f3n profesional<\/strong>.<\/p>\n<p>No se trata de un producto para comprar y aplicar en casa. Su aplicaci\u00f3n forma parte de un protocolo profesional y debe realizarse en peluquer\u00eda.<\/p>\n<p>Antes de realizarlo, el profesional puede observar el estado real de tu fibra y determinar qu\u00e9 necesita. Porque quiz\u00e1s t\u00fa ves \u201cpelo seco\u201d, pero detr\u00e1s hay una combinaci\u00f3n de porosidad, p\u00e9rdida de resistencia y da\u00f1o qu\u00edmico que requiere otro enfoque.<\/p>\n<p>Si tras el verano, o en cualquier momento del a\u00f1o, reconoces varias de las se\u00f1ales que hemos visto, pregunta en tu peluquer\u00eda por Hair Cure Treatment de Tahe.<\/p>\n<h2><span class=\"ez-toc-section\" id=\"Preguntas_frecuentes\"><\/span><strong>Preguntas frecuentes<\/strong><span class=\"ez-toc-section-end\"><\/span><\/h2>\n<h3><span class=\"ez-toc-section\" id=\"%C2%BFComo_puedo_saber_si_tengo_el_pelo_poroso\"><\/span><strong>\u00bfC\u00f3mo puedo saber si tengo el pelo poroso? <\/strong><span class=\"ez-toc-section-end\"><\/span><\/h3>\n<p>La sequedad persistente, la textura \u00e1spera, el encrespamiento, los enredos frecuentes, la p\u00e9rdida de brillo y una mayor tendencia a la rotura pueden indicar que la fibra est\u00e1 sensibilizada y presenta una porosidad elevada. No obstante, la mejor opci\u00f3n es realizar una valoraci\u00f3n profesional.<\/p>\n<h3><span class=\"ez-toc-section\" id=\"%C2%BFUn_cabello_poroso_necesita_siempre_reconstruccion\"><\/span><strong>\u00bfUn cabello poroso necesita siempre reconstrucci\u00f3n?<\/strong><span class=\"ez-toc-section-end\"><\/span><\/h3>\n<p>No necesariamente. Depende de la porosidad y el nivel de da\u00f1o del cabello.<\/p>\n<h3><span class=\"ez-toc-section\" id=\"%C2%BFPuedo_hacer_Hair_Cure_Treatment_de_Styling_Lab_en_casa\"><\/span><strong>\u00bfPuedo hacer Hair Cure Treatment de Styling Lab en casa?<\/strong><span class=\"ez-toc-section-end\"><\/span><\/h3>\n<p>No. Hair Cure Treatment es un tratamiento de uso exclusivo en sal\u00f3n profesional. Debe ser aplicado por profesionales de peluquer\u00eda.<\/p>\n<h3><span class=\"ez-toc-section\" id=\"%C2%BFHair_Cure_Treatment_es_adecuado_despues_de_verano\"><\/span><strong>\u00bfHair Cure Treatment es adecuado despu\u00e9s de verano?<\/strong><span class=\"ez-toc-section-end\"><\/span><\/h3>\n<p>Es muy recomendable realizarlo despu\u00e9s de verano, ya que el cabello suele estar m\u00e1s da\u00f1ado y sensibilizado tras la exposici\u00f3n solar, la sal y el cloro.<\/p>\n<h3><span class=\"ez-toc-section\" id=\"%C2%BFPuedo_realizar_Hair_Cure_antes_de_volver_a_tenirme_o_hacerme_mechas\"><\/span><strong>\u00bfPuedo realizar Hair Cure antes de volver a te\u00f1irme o hacerme mechas?<\/strong><span class=\"ez-toc-section-end\"><\/span><\/h3>\n<p>S\u00ed, puede formar parte de la preparaci\u00f3n del cabello antes del servicio de coloraci\u00f3n, especialmente cuando la fibra est\u00e1 castigada.<\/p>\n<div style='text-align:left' class='yasr-auto-insert-visitor'><\/div>","protected":false},"excerpt":{"rendered":"<p><span class=\"span-reading-time rt-reading-time\" style=\"display: block;\"><span class=\"rt-label rt-prefix\">Tiempo de lectura:<\/span> <span class=\"rt-time\"> 5<\/span> <span class=\"rt-label rt-postfix\">minutos<\/span><\/span>Vuelves de vacaciones, te lavas el pelo, aplicas tu mascarilla favorita y parece que todo vuelve a estar bajo control. Pero pasan unas horas y ah\u00ed est\u00e1 otra vez: \u00e1spero, encrespado, sin brillo y mucho m\u00e1s dif\u00edcil de peinar. \u00bfTe suena? Puede que tu cabello no est\u00e9 simplemente seco. Puede que se haya vuelto m\u00e1s&#8230;<\/p>\n","protected":false},"author":19,"featured_media":8480,"comment_status":"open","ping_status":"closed","sticky":false,"template":"","format":"standard","meta":{"_acf_changed":false,"yasr_overall_rating":0,"yasr_post_is_review":"","yasr_auto_insert_disabled":"","yasr_review_type":"","footnotes":""},"categories":[39],"tags":[],"class_list":["post-8477","post","type-post","status-publish","format-standard","has-post-thumbnail","hentry","category-cabello"],"acf":[],"yoast_head":"<!-- This site is optimized with the Yoast SEO plugin v28.3 - https:\/\/yoast.com\/product\/yoast-seo-wordpress\/ -->\n<title>7 se\u00f1ales de pelo poroso despu\u00e9s del verano | Tahe<\/title>\n<meta name=\"description\" content=\"Descubre c\u00f3mo reconocer un pelo poroso y cu\u00e1ndo apostar por un tratamiento de reconstrucci\u00f3n capilar profesional\" \/>\n<meta name=\"robots\" content=\"index, follow, max-snippet:-1, max-image-preview:large, max-video-preview:-1\" \/>\n<link rel=\"canonical\" href=\"https:\/\/tahecosmetics.com\/trends\/pelo-poroso-despues-verano\/\" \/>\n<meta property=\"og:locale\" content=\"es_ES\" \/>\n<meta property=\"og:type\" content=\"article\" \/>\n<meta property=\"og:title\" content=\"7 se\u00f1ales de pelo poroso despu\u00e9s del verano | Tahe\" \/>\n<meta property=\"og:description\" content=\"Descubre c\u00f3mo reconocer un pelo poroso y cu\u00e1ndo apostar por un tratamiento de reconstrucci\u00f3n capilar profesional\" \/>\n<meta property=\"og:url\" content=\"https:\/\/tahecosmetics.com\/trends\/pelo-poroso-despues-verano\/\" \/>\n<meta property=\"og:site_name\" content=\"Blog de Tahe\" \/>\n<meta property=\"article:publisher\" content=\"https:\/\/www.facebook.com\/Tahe.Oficial\" \/>\n<meta property=\"article:published_time\" content=\"2026-08-31T06:51:42+00:00\" \/>\n<meta property=\"article:modified_time\" content=\"2026-08-31T13:41:38+00:00\" \/>\n<meta property=\"og:image\" content=\"https:\/\/tahecosmetics.com\/trends\/wp-content\/uploads\/2026\/08\/pelo-poroso.webp\" \/>\n\t<meta property=\"og:image:width\" content=\"1672\" \/>\n\t<meta property=\"og:image:height\" content=\"941\" \/>\n\t<meta property=\"og:image:type\" content=\"image\/webp\" \/>\n<meta name=\"author\" content=\"To\u00f1i Guillam\u00f3n\" \/>\n<meta name=\"twitter:card\" content=\"summary_large_image\" \/>\n<meta name=\"twitter:creator\" content=\"@taheoficial\" \/>\n<meta name=\"twitter:site\" content=\"@taheoficial\" \/>\n<meta name=\"twitter:label1\" content=\"Escrito por\" \/>\n\t<meta name=\"twitter:data1\" content=\"To\u00f1i Guillam\u00f3n\" \/>\n\t<meta name=\"twitter:label2\" content=\"Tiempo de lectura\" \/>\n\t<meta name=\"twitter:data2\" content=\"11 minutos\" \/>\n<script type=\"application\/ld+json\" class=\"yoast-schema-graph\">{\"@context\":\"https:\\\/\\\/schema.org\",\"@graph\":[{\"@type\":[\"Article\",\"BlogPosting\"],\"@id\":\"https:\\\/\\\/tahecosmetics.com\\\/trends\\\/pelo-poroso-despues-verano\\\/#article\",\"isPartOf\":{\"@id\":\"https:\\\/\\\/tahecosmetics.com\\\/trends\\\/pelo-poroso-despues-verano\\\/\"},\"author\":{\"name\":\"To\u00f1i Guillam\u00f3n\",\"@id\":\"https:\\\/\\\/tahecosmetics.com\\\/trends\\\/#\\\/schema\\\/person\\\/1ae318642941816fd185126022d8434e\"},\"headline\":\"Pelo poroso despu\u00e9s del verano: 7 se\u00f1ales de que tu cabello necesita reconstrucci\u00f3n\",\"datePublished\":\"2026-08-31T06:51:42+00:00\",\"dateModified\":\"2026-08-31T13:41:38+00:00\",\"mainEntityOfPage\":{\"@id\":\"https:\\\/\\\/tahecosmetics.com\\\/trends\\\/pelo-poroso-despues-verano\\\/\"},\"wordCount\":2280,\"commentCount\":0,\"publisher\":{\"@id\":\"https:\\\/\\\/tahecosmetics.com\\\/trends\\\/#organization\"},\"image\":{\"@id\":\"https:\\\/\\\/tahecosmetics.com\\\/trends\\\/pelo-poroso-despues-verano\\\/#primaryimage\"},\"thumbnailUrl\":\"https:\\\/\\\/tahecosmetics.com\\\/trends\\\/wp-content\\\/uploads\\\/2026\\\/08\\\/pelo-poroso.webp\",\"articleSection\":[\"Cabello\"],\"inLanguage\":\"es\",\"potentialAction\":[{\"@type\":\"CommentAction\",\"name\":\"Comment\",\"target\":[\"https:\\\/\\\/tahecosmetics.com\\\/trends\\\/pelo-poroso-despues-verano\\\/#respond\"]}]},{\"@type\":[\"WebPage\",\"ItemPage\"],\"@id\":\"https:\\\/\\\/tahecosmetics.com\\\/trends\\\/pelo-poroso-despues-verano\\\/\",\"url\":\"https:\\\/\\\/tahecosmetics.com\\\/trends\\\/pelo-poroso-despues-verano\\\/\",\"name\":\"7 se\u00f1ales de pelo poroso despu\u00e9s del verano | Tahe\",\"isPartOf\":{\"@id\":\"https:\\\/\\\/tahecosmetics.com\\\/trends\\\/#website\"},\"primaryImageOfPage\":{\"@id\":\"https:\\\/\\\/tahecosmetics.com\\\/trends\\\/pelo-poroso-despues-verano\\\/#primaryimage\"},\"image\":{\"@id\":\"https:\\\/\\\/tahecosmetics.com\\\/trends\\\/pelo-poroso-despues-verano\\\/#primaryimage\"},\"thumbnailUrl\":\"https:\\\/\\\/tahecosmetics.com\\\/trends\\\/wp-content\\\/uploads\\\/2026\\\/08\\\/pelo-poroso.webp\",\"datePublished\":\"2026-08-31T06:51:42+00:00\",\"dateModified\":\"2026-08-31T13:41:38+00:00\",\"description\":\"Descubre c\u00f3mo reconocer un pelo poroso y cu\u00e1ndo apostar por un tratamiento de reconstrucci\u00f3n capilar profesional\",\"breadcrumb\":{\"@id\":\"https:\\\/\\\/tahecosmetics.com\\\/trends\\\/pelo-poroso-despues-verano\\\/#breadcrumb\"},\"inLanguage\":\"es\",\"potentialAction\":[{\"@type\":\"ReadAction\",\"target\":[\"https:\\\/\\\/tahecosmetics.com\\\/trends\\\/pelo-poroso-despues-verano\\\/\"]}]},{\"@type\":\"ImageObject\",\"inLanguage\":\"es\",\"@id\":\"https:\\\/\\\/tahecosmetics.com\\\/trends\\\/pelo-poroso-despues-verano\\\/#primaryimage\",\"url\":\"https:\\\/\\\/tahecosmetics.com\\\/trends\\\/wp-content\\\/uploads\\\/2026\\\/08\\\/pelo-poroso.webp\",\"contentUrl\":\"https:\\\/\\\/tahecosmetics.com\\\/trends\\\/wp-content\\\/uploads\\\/2026\\\/08\\\/pelo-poroso.webp\",\"width\":1672,\"height\":941},{\"@type\":\"BreadcrumbList\",\"@id\":\"https:\\\/\\\/tahecosmetics.com\\\/trends\\\/pelo-poroso-despues-verano\\\/#breadcrumb\",\"itemListElement\":[{\"@type\":\"ListItem\",\"position\":1,\"name\":\"Home\",\"item\":\"https:\\\/\\\/tahecosmetics.com\\\/trends\\\/\"},{\"@type\":\"ListItem\",\"position\":2,\"name\":\"Pelo poroso despu\u00e9s del verano: 7 se\u00f1ales de que tu cabello necesita reconstrucci\u00f3n\"}]},{\"@type\":\"WebSite\",\"@id\":\"https:\\\/\\\/tahecosmetics.com\\\/trends\\\/#website\",\"url\":\"https:\\\/\\\/tahecosmetics.com\\\/trends\\\/\",\"name\":\"Blog de Tahe\",\"description\":\"Blog de Tahe Productos Cosm\u00e9ticos\",\"publisher\":{\"@id\":\"https:\\\/\\\/tahecosmetics.com\\\/trends\\\/#organization\"},\"alternateName\":\"Blog de Tahe\",\"potentialAction\":[{\"@type\":\"SearchAction\",\"target\":{\"@type\":\"EntryPoint\",\"urlTemplate\":\"https:\\\/\\\/tahecosmetics.com\\\/trends\\\/?s={search_term_string}\"},\"query-input\":{\"@type\":\"PropertyValueSpecification\",\"valueRequired\":true,\"valueName\":\"search_term_string\"}}],\"inLanguage\":\"es\"},{\"@type\":\"Organization\",\"@id\":\"https:\\\/\\\/tahecosmetics.com\\\/trends\\\/#organization\",\"name\":\"Tahe Productos Cosm\u00e9ticos, S.L.\",\"url\":\"https:\\\/\\\/tahecosmetics.com\\\/trends\\\/\",\"logo\":{\"@type\":\"ImageObject\",\"inLanguage\":\"es\",\"@id\":\"https:\\\/\\\/tahecosmetics.com\\\/trends\\\/#\\\/schema\\\/logo\\\/image\\\/\",\"url\":\"https:\\\/\\\/tahecosmetics.com\\\/trends\\\/wp-content\\\/uploads\\\/2023\\\/09\\\/tahe-logo-dark.webp\",\"contentUrl\":\"https:\\\/\\\/tahecosmetics.com\\\/trends\\\/wp-content\\\/uploads\\\/2023\\\/09\\\/tahe-logo-dark.webp\",\"width\":400,\"height\":400,\"caption\":\"Tahe Productos Cosm\u00e9ticos, S.L.\"},\"image\":{\"@id\":\"https:\\\/\\\/tahecosmetics.com\\\/trends\\\/#\\\/schema\\\/logo\\\/image\\\/\"},\"sameAs\":[\"https:\\\/\\\/www.facebook.com\\\/Tahe.Oficial\",\"https:\\\/\\\/x.com\\\/taheoficial\",\"https:\\\/\\\/www.instagram.com\\\/taheoficial\\\/\",\"https:\\\/\\\/www.youtube.com\\\/taheoficial\",\"https:\\\/\\\/www.linkedin.com\\\/company\\\/taheoficial\\\/\"]},{\"@type\":\"Person\",\"@id\":\"https:\\\/\\\/tahecosmetics.com\\\/trends\\\/#\\\/schema\\\/person\\\/1ae318642941816fd185126022d8434e\",\"name\":\"To\u00f1i Guillam\u00f3n\",\"image\":{\"@type\":\"ImageObject\",\"inLanguage\":\"es\",\"@id\":\"https:\\\/\\\/tahecosmetics.com\\\/trends\\\/wp-content\\\/uploads\\\/2025\\\/11\\\/toni-guillamon-150x150.jpg\",\"url\":\"https:\\\/\\\/tahecosmetics.com\\\/trends\\\/wp-content\\\/uploads\\\/2025\\\/11\\\/toni-guillamon-150x150.jpg\",\"contentUrl\":\"https:\\\/\\\/tahecosmetics.com\\\/trends\\\/wp-content\\\/uploads\\\/2025\\\/11\\\/toni-guillamon-150x150.jpg\",\"caption\":\"To\u00f1i Guillam\u00f3n\"},\"description\":\"T\u00e9cnica capilar con enfoque en la ciencia del cabello y la innovaci\u00f3n cosm\u00e9tica. Investigo y pruebo ingredientes, activos y f\u00f3rmulas que realmente marcan la diferencia en la salud y belleza de tu cabello.\",\"url\":\"https:\\\/\\\/tahecosmetics.com\\\/trends\\\/author\\\/toni-guillamon\\\/\"},false]}<\/script>\n<!-- \/ Yoast SEO plugin. -->","yoast_head_json":{"title":"7 se\u00f1ales de pelo poroso despu\u00e9s del verano | Tahe","description":"Descubre c\u00f3mo reconocer un pelo poroso y cu\u00e1ndo apostar por un tratamiento de reconstrucci\u00f3n capilar profesional","robots":{"index":"index","follow":"follow","max-snippet":"max-snippet:-1","max-image-preview":"max-image-preview:large","max-video-preview":"max-video-preview:-1"},"canonical":"https:\/\/tahecosmetics.com\/trends\/pelo-poroso-despues-verano\/","og_locale":"es_ES","og_type":"article","og_title":"7 se\u00f1ales de pelo poroso despu\u00e9s del verano | Tahe","og_description":"Descubre c\u00f3mo reconocer un pelo poroso y cu\u00e1ndo apostar por un tratamiento de reconstrucci\u00f3n capilar profesional","og_url":"https:\/\/tahecosmetics.com\/trends\/pelo-poroso-despues-verano\/","og_site_name":"Blog de Tahe","article_publisher":"https:\/\/www.facebook.com\/Tahe.Oficial","article_published_time":"2026-08-31T06:51:42+00:00","article_modified_time":"2026-08-31T13:41:38+00:00","og_image":[{"width":1672,"height":941,"url":"https:\/\/tahecosmetics.com\/trends\/wp-content\/uploads\/2026\/08\/pelo-poroso.webp","type":"image\/webp"}],"author":"To\u00f1i Guillam\u00f3n","twitter_card":"summary_large_image","twitter_creator":"@taheoficial","twitter_site":"@taheoficial","twitter_misc":{"Escrito por":"To\u00f1i Guillam\u00f3n","Tiempo de lectura":"11 minutos"},"schema":{"@context":"https:\/\/schema.org","@graph":[{"@type":["Article","BlogPosting"],"@id":"https:\/\/tahecosmetics.com\/trends\/pelo-poroso-despues-verano\/#article","isPartOf":{"@id":"https:\/\/tahecosmetics.com\/trends\/pelo-poroso-despues-verano\/"},"author":{"name":"To\u00f1i Guillam\u00f3n","@id":"https:\/\/tahecosmetics.com\/trends\/#\/schema\/person\/1ae318642941816fd185126022d8434e"},"headline":"Pelo poroso despu\u00e9s del verano: 7 se\u00f1ales de que tu cabello necesita reconstrucci\u00f3n","datePublished":"2026-08-31T06:51:42+00:00","dateModified":"2026-08-31T13:41:38+00:00","mainEntityOfPage":{"@id":"https:\/\/tahecosmetics.com\/trends\/pelo-poroso-despues-verano\/"},"wordCount":2280,"commentCount":0,"publisher":{"@id":"https:\/\/tahecosmetics.com\/trends\/#organization"},"image":{"@id":"https:\/\/tahecosmetics.com\/trends\/pelo-poroso-despues-verano\/#primaryimage"},"thumbnailUrl":"https:\/\/tahecosmetics.com\/trends\/wp-content\/uploads\/2026\/08\/pelo-poroso.webp","articleSection":["Cabello"],"inLanguage":"es","potentialAction":[{"@type":"CommentAction","name":"Comment","target":["https:\/\/tahecosmetics.com\/trends\/pelo-poroso-despues-verano\/#respond"]}]},{"@type":["WebPage","ItemPage"],"@id":"https:\/\/tahecosmetics.com\/trends\/pelo-poroso-despues-verano\/","url":"https:\/\/tahecosmetics.com\/trends\/pelo-poroso-despues-verano\/","name":"7 se\u00f1ales de pelo poroso despu\u00e9s del verano | Tahe","isPartOf":{"@id":"https:\/\/tahecosmetics.com\/trends\/#website"},"primaryImageOfPage":{"@id":"https:\/\/tahecosmetics.com\/trends\/pelo-poroso-despues-verano\/#primaryimage"},"image":{"@id":"https:\/\/tahecosmetics.com\/trends\/pelo-poroso-despues-verano\/#primaryimage"},"thumbnailUrl":"https:\/\/tahecosmetics.com\/trends\/wp-content\/uploads\/2026\/08\/pelo-poroso.webp","datePublished":"2026-08-31T06:51:42+00:00","dateModified":"2026-08-31T13:41:38+00:00","description":"Descubre c\u00f3mo reconocer un pelo poroso y cu\u00e1ndo apostar por un tratamiento de reconstrucci\u00f3n capilar profesional","breadcrumb":{"@id":"https:\/\/tahecosmetics.com\/trends\/pelo-poroso-despues-verano\/#breadcrumb"},"inLanguage":"es","potentialAction":[{"@type":"ReadAction","target":["https:\/\/tahecosmetics.com\/trends\/pelo-poroso-despues-verano\/"]}]},{"@type":"ImageObject","inLanguage":"es","@id":"https:\/\/tahecosmetics.com\/trends\/pelo-poroso-despues-verano\/#primaryimage","url":"https:\/\/tahecosmetics.com\/trends\/wp-content\/uploads\/2026\/08\/pelo-poroso.webp","contentUrl":"https:\/\/tahecosmetics.com\/trends\/wp-content\/uploads\/2026\/08\/pelo-poroso.webp","width":1672,"height":941},{"@type":"BreadcrumbList","@id":"https:\/\/tahecosmetics.com\/trends\/pelo-poroso-despues-verano\/#breadcrumb","itemListElement":[{"@type":"ListItem","position":1,"name":"Home","item":"https:\/\/tahecosmetics.com\/trends\/"},{"@type":"ListItem","position":2,"name":"Pelo poroso despu\u00e9s del verano: 7 se\u00f1ales de que tu cabello necesita reconstrucci\u00f3n"}]},{"@type":"WebSite","@id":"https:\/\/tahecosmetics.com\/trends\/#website","url":"https:\/\/tahecosmetics.com\/trends\/","name":"Blog de Tahe","description":"Blog de Tahe Productos Cosm\u00e9ticos","publisher":{"@id":"https:\/\/tahecosmetics.com\/trends\/#organization"},"alternateName":"Blog de Tahe","potentialAction":[{"@type":"SearchAction","target":{"@type":"EntryPoint","urlTemplate":"https:\/\/tahecosmetics.com\/trends\/?s={search_term_string}"},"query-input":{"@type":"PropertyValueSpecification","valueRequired":true,"valueName":"search_term_string"}}],"inLanguage":"es"},{"@type":"Organization","@id":"https:\/\/tahecosmetics.com\/trends\/#organization","name":"Tahe Productos Cosm\u00e9ticos, S.L.","url":"https:\/\/tahecosmetics.com\/trends\/","logo":{"@type":"ImageObject","inLanguage":"es","@id":"https:\/\/tahecosmetics.com\/trends\/#\/schema\/logo\/image\/","url":"https:\/\/tahecosmetics.com\/trends\/wp-content\/uploads\/2023\/09\/tahe-logo-dark.webp","contentUrl":"https:\/\/tahecosmetics.com\/trends\/wp-content\/uploads\/2023\/09\/tahe-logo-dark.webp","width":400,"height":400,"caption":"Tahe Productos Cosm\u00e9ticos, S.L."},"image":{"@id":"https:\/\/tahecosmetics.com\/trends\/#\/schema\/logo\/image\/"},"sameAs":["https:\/\/www.facebook.com\/Tahe.Oficial","https:\/\/x.com\/taheoficial","https:\/\/www.instagram.com\/taheoficial\/","https:\/\/www.youtube.com\/taheoficial","https:\/\/www.linkedin.com\/company\/taheoficial\/"]},{"@type":"Person","@id":"https:\/\/tahecosmetics.com\/trends\/#\/schema\/person\/1ae318642941816fd185126022d8434e","name":"To\u00f1i Guillam\u00f3n","image":{"@type":"ImageObject","inLanguage":"es","@id":"https:\/\/tahecosmetics.com\/trends\/wp-content\/uploads\/2025\/11\/toni-guillamon-150x150.jpg","url":"https:\/\/tahecosmetics.com\/trends\/wp-content\/uploads\/2025\/11\/toni-guillamon-150x150.jpg","contentUrl":"https:\/\/tahecosmetics.com\/trends\/wp-content\/uploads\/2025\/11\/toni-guillamon-150x150.jpg","caption":"To\u00f1i Guillam\u00f3n"},"description":"T\u00e9cnica capilar con enfoque en la ciencia del cabello y la innovaci\u00f3n cosm\u00e9tica. Investigo y pruebo ingredientes, activos y f\u00f3rmulas que realmente marcan la diferencia en la salud y belleza de tu cabello.","url":"https:\/\/tahecosmetics.com\/trends\/author\/toni-guillamon\/"},false]}},"yasr_visitor_votes":{"stars_attributes":{"read_only":false,"span_bottom":false},"number_of_votes":1,"sum_votes":5},"_links":{"self":[{"href":"https:\/\/tahecosmetics.com\/trends\/wp-json\/wp\/v2\/posts\/8477","targetHints":{"allow":["GET"]}}],"collection":[{"href":"https:\/\/tahecosmetics.com\/trends\/wp-json\/wp\/v2\/posts"}],"about":[{"href":"https:\/\/tahecosmetics.com\/trends\/wp-json\/wp\/v2\/types\/post"}],"author":[{"embeddable":true,"href":"https:\/\/tahecosmetics.com\/trends\/wp-json\/wp\/v2\/users\/19"}],"replies":[{"embeddable":true,"href":"https:\/\/tahecosmetics.com\/trends\/wp-json\/wp\/v2\/comments?post=8477"}],"version-history":[{"count":6,"href":"https:\/\/tahecosmetics.com\/trends\/wp-json\/wp\/v2\/posts\/8477\/revisions"}],"predecessor-version":[{"id":8482,"href":"https:\/\/tahecosmetics.com\/trends\/wp-json\/wp\/v2\/posts\/8477\/revisions\/8482"}],"wp:featuredmedia":[{"embeddable":true,"href":"https:\/\/tahecosmetics.com\/trends\/wp-json\/wp\/v2\/media\/8480"}],"wp:attachment":[{"href":"https:\/\/tahecosmetics.com\/trends\/wp-json\/wp\/v2\/media?parent=8477"}],"wp:term":[{"taxonomy":"category","embeddable":true,"href":"https:\/\/tahecosmetics.com\/trends\/wp-json\/wp\/v2\/categories?post=8477"},{"taxonomy":"post_tag","embeddable":true,"href":"https:\/\/tahecosmetics.com\/trends\/wp-json\/wp\/v2\/tags?post=8477"}],"curies":[{"name":"wp","href":"https:\/\/api.w.org\/{rel}","templated":true}]}}